{"id":4300,"date":"2026-04-29T23:27:03","date_gmt":"2026-04-30T02:27:03","guid":{"rendered":"https:\/\/radiocidadefmonline.com.br\/home\/quem-e-dj-maz-que-viralizou-com-remix-de-luedji-luna-e-fara-abertura-do-show-de-shakira\/"},"modified":"2026-04-30T02:44:44","modified_gmt":"2026-04-30T05:44:44","slug":"quem-e-dj-maz-que-viralizou-com-remix-de-luedji-luna-e-fara-abertura-do-show-de-shakira","status":"publish","type":"post","link":"https:\/\/radiocidadefmonline.com.br\/home\/quem-e-dj-maz-que-viralizou-com-remix-de-luedji-luna-e-fara-abertura-do-show-de-shakira\/","title":{"rendered":"Quem \u00e9 DJ Maz, que viralizou com remix de Luedji Luna e far\u00e1 abertura do show de Shakira?"},"content":{"rendered":"<p><\/p>\n<div>\n<p>Al\u00e9m do <strong>Cultura Vintage<\/strong>\u00f3 <strong>DJ Maz<\/strong> tamb\u00e9m est\u00e1 escalado para a abertura do megashow que <strong>Shakira<\/strong> far\u00e1 na <strong>praia de Copacabana<\/strong>neste <strong>s\u00e1bado (2)<\/strong>. Refer\u00eancia do <strong>afro-house<\/strong>estilo que mistura os batuques do afro e do organic house, <strong>Thomaz Prado<\/strong> \u2013 nome de batismo dele -, de 33 anos, \u00e9 um DJ carioca que se jogou na cena eletr\u00f4nica em 2015, que viralizou com um remix de \u201cBanho de Folhas\u201d, da <strong>Luedji Luna<\/strong> e que j\u00e1 passou por alguns dos maiores festivais de m\u00fasica do mundo. Agora, ele se prepara para tocar no <em>\u201caltar do planeta\u201d<\/em>n\u00e3o <strong>Todo Mundo no Rio<\/strong>.<\/p>\n<p>Confira todas as not\u00edcias sobre Shakira no POPline!<\/p>\n<h4>LEIA MAIS:<\/h4>\n<div id=\"attachment_1018755\" style=\"width: 1210px\" class=\"wp-caption aligncenter\">\n<p id=\"caption-attachment-1018755\" class=\"wp-caption-text\">Foto: Instagram\/@mazmusic<\/p>\n<\/div>\n<p>Antes de recalcular a rota e apostar no afro-house, <strong>DJ Maz<\/strong> vinha investindo no tech house, que mescla o groove, a percuss\u00e3o e vocais do house. A tr\u00edade 2014-2016 foi de extrema import\u00e2ncia para a carreira do artista, j\u00e1 que foi nesse per\u00edodo em que ele come\u00e7ou a estudar produ\u00e7\u00e3o, que cravou seu in\u00edcio na cena eletr\u00f4nica e que apresentou ao mundo sua primeira faixa, \u201cPleasure\u201d.<\/p>\n<p>O maior sucesso da discografia da cantora <strong>Luedji Luna<\/strong>\u201cBanho de Folhas\u201d, acabou alavancando a carreira do DJ. O remix que ele produziu para a m\u00fasica simplesmente se tornou o lan\u00e7amento de eletr\u00f4nica brasileira mais vendido em um site especializado na venda online de m\u00fasica eletr\u00f4nica, o Beatport, em 2022 e 2023.<\/p>\n<p>Somando 2,4 milh\u00f5es de ouvintes mensais no Spotify, <strong>Maz<\/strong> tem como maiores sucessos faixas como \u201cJolie Fille\u201d, \u201cNothing On Me\u201d e \u201cAmana\u201d. O DJ aparece como um dos convidados de <strong>Alok<\/strong> nenhum \u00e1lbum <em>\u201cGil por Alok e Amigos\u201d<\/em>compilado que repagina grandes cl\u00e1ssicos de <strong>Gilberto Gil<\/strong> em vers\u00f5es mais eletr\u00f4nicas.<\/p>\n<blockquote class=\"instagram-media\" data-instgrm-captioned=\"\" data-instgrm-permalink=\"https:\/\/www.instagram.com\/p\/DSnsyMfjw0M\/?utm_source=ig_embed&amp;utm_campaign=loading\" data-instgrm-version=\"14\" style=\" background:#FFF; border:0; border-radius:3px; box-shadow:0 0 1px 0 rgba(0,0,0,0.5),0 1px 10px 0 rgba(0,0,0,0.15); margin: 1px; max-width:740px; min-width:326px; padding:0; width:99.375%; width:-webkit-calc(100% - 2px); width:calc(100% - 2px);\">\n<\/blockquote>\n<p><strong>DJ Maz<\/strong> tem muitos pontos em comum com <strong>Cultura Vintage<\/strong>que tamb\u00e9m far\u00e1 abertura para <strong>Shakira<\/strong> no megashow em Copacabana. Ambos fazem parte da seleta lista de brasileiros que j\u00e1 se apresentaram no <strong>Coachela<\/strong>festival em Indio, Calif\u00f3rnia. <strong>Maz<\/strong> tamb\u00e9m j\u00e1 passou pelo <strong>Tomorrowland B\u00e9lgica, Rock in Rio, Lollapalooza, Hi \u00cfbiza, Green Valley<\/strong> e <strong>Clube de Praia Warung<\/strong>.<\/p>\n<blockquote class=\"instagram-media\" data-instgrm-captioned=\"\" data-instgrm-permalink=\"https:\/\/www.instagram.com\/p\/DNUFtwGAqKE\/?utm_source=ig_embed&amp;utm_campaign=loading\" data-instgrm-version=\"14\" style=\" background:#FFF; border:0; border-radius:3px; box-shadow:0 0 1px 0 rgba(0,0,0,0.5),0 1px 10px 0 rgba(0,0,0,0.15); margin: 1px; max-width:740px; min-width:326px; padding:0; width:99.375%; width:-webkit-calc(100% - 2px); width:calc(100% - 2px);\">\n<\/blockquote>\n<p>E, assim como <strong>Vintage<\/strong>ele tamb\u00e9m tem sua pr\u00f3pria gravadora, a Dawn Patrol. Nesse s\u00e1bado (2), o DJ aquecer\u00e1 o palco para a chegada de <strong>Shakira<\/strong> em set que se estende <strong>das 19h \u00e0s 20h30<\/strong>.<\/p>\n<blockquote class=\"instagram-media\" data-instgrm-captioned=\"\" data-instgrm-permalink=\"https:\/\/www.instagram.com\/p\/DXukIUEkbtw\/?utm_source=ig_embed&amp;utm_campaign=loading\" data-instgrm-version=\"14\" style=\" background:#FFF; border:0; border-radius:3px; box-shadow:0 0 1px 0 rgba(0,0,0,0.5),0 1px 10px 0 rgba(0,0,0,0.15); margin: 1px; max-width:740px; min-width:326px; padding:0; width:99.375%; width:-webkit-calc(100% - 2px); width:calc(100% - 2px);\">\n<\/blockquote>\n<\/div>\n<p><script async src=\"\/\/www.instagram.com\/embed.js\"><\/script><br \/>\n<br \/><\/a><\/p>\n","protected":false},"excerpt":{"rendered":"<p>Al\u00e9m do Cultura Vintage\u00f3 DJ Maz tamb\u00e9m est\u00e1 escalado para a abertura do megashow que Shakira far\u00e1 na praia de Copacabananeste s\u00e1bado (2). Refer\u00eancia do afro-houseestilo que mistura os batuques do afro e do organic house, Thomaz Prado \u2013 nome de batismo dele -, de 33 anos, \u00e9 um DJ carioca que se jogou na [&hellip;]<\/p>\n","protected":false},"author":5,"featured_media":4301,"comment_status":"open","ping_status":"open","sticky":false,"template":"","format":"standard","meta":{"footnotes":""},"categories":[1],"tags":[],"class_list":["post-4300","post","type-post","status-publish","format-standard","has-post-thumbnail","hentry","category-noticias"],"_links":{"self":[{"href":"https:\/\/radiocidadefmonline.com.br\/home\/wp-json\/wp\/v2\/posts\/4300","targetHints":{"allow":["GET"]}}],"collection":[{"href":"https:\/\/radiocidadefmonline.com.br\/home\/wp-json\/wp\/v2\/posts"}],"about":[{"href":"https:\/\/radiocidadefmonline.com.br\/home\/wp-json\/wp\/v2\/types\/post"}],"author":[{"embeddable":true,"href":"https:\/\/radiocidadefmonline.com.br\/home\/wp-json\/wp\/v2\/users\/5"}],"replies":[{"embeddable":true,"href":"https:\/\/radiocidadefmonline.com.br\/home\/wp-json\/wp\/v2\/comments?post=4300"}],"version-history":[{"count":1,"href":"https:\/\/radiocidadefmonline.com.br\/home\/wp-json\/wp\/v2\/posts\/4300\/revisions"}],"predecessor-version":[{"id":4302,"href":"https:\/\/radiocidadefmonline.com.br\/home\/wp-json\/wp\/v2\/posts\/4300\/revisions\/4302"}],"wp:featuredmedia":[{"embeddable":true,"href":"https:\/\/radiocidadefmonline.com.br\/home\/wp-json\/wp\/v2\/media\/4301"}],"wp:attachment":[{"href":"https:\/\/radiocidadefmonline.com.br\/home\/wp-json\/wp\/v2\/media?parent=4300"}],"wp:term":[{"taxonomy":"category","embeddable":true,"href":"https:\/\/radiocidadefmonline.com.br\/home\/wp-json\/wp\/v2\/categories?post=4300"},{"taxonomy":"post_tag","embeddable":true,"href":"https:\/\/radiocidadefmonline.com.br\/home\/wp-json\/wp\/v2\/tags?post=4300"}],"curies":[{"name":"wp","href":"https:\/\/api.w.org\/{rel}","templated":true}]}}