{"id":4291,"date":"2026-04-26T16:50:25","date_gmt":"2026-04-26T19:50:25","guid":{"rendered":"https:\/\/radiocidadefmonline.com.br\/home\/shakira-abre-votacao-para-decidir-setlist-e-convidado-brasileiro-em-seu-show-em-copacabana\/"},"modified":"2026-04-27T02:03:21","modified_gmt":"2026-04-27T05:03:21","slug":"shakira-abre-votacao-para-decidir-setlist-e-convidado-brasileiro-em-seu-show-em-copacabana","status":"publish","type":"post","link":"https:\/\/radiocidadefmonline.com.br\/home\/shakira-abre-votacao-para-decidir-setlist-e-convidado-brasileiro-em-seu-show-em-copacabana\/","title":{"rendered":"Shakira abre vota\u00e7\u00e3o para decidir setlist e convidado brasileiro em seu show em Copacabana"},"content":{"rendered":"<p><\/p>\n<div>\n<p><span style=\"font-weight: 400;\">Em contagem regressiva para um show que promete reunir milh\u00f5es na praia de Copacabana, <strong>Shakira<\/strong> utilizou suas redes sociais para interagir com f\u00e3s e descobrir quais m\u00fasicas gostariam de escutar e quais artistas brasileiros deveria convidar para subir ao palco. Em portugu\u00eas \u2014 como j\u00e1 vem postando h\u00e1 alguns dias \u2014, a cantora postou uma enquete e uma caixa de perguntas em sua conta no Instagram.<\/span><\/p>\n<div id=\"attachment_1018112\" style=\"width: 1210px\" class=\"wp-caption alignnone\">\n<p id=\"caption-attachment-1018112\" class=\"wp-caption-text\">(Foto: Divulga\u00e7\u00e3o \/ Kevin Mazur \/ Getty Images para Live Nation)<\/p>\n<\/div>\n<h4><strong>LEIA MAIS<\/strong><\/h4>\n<h3><strong>Shakira est\u00e1 interagindo com f\u00e3s no Instagram<\/strong><\/h3>\n<p><span style=\"font-weight: 400;\"><em>\u201cQuase l\u00e1, Rio!\u201d<\/em>disse a colombiana em seu story postado ontem, 25\/04. <em>\u201cPreparando muitas surpresas para voc\u00eas: artistas convidados, novos figurinos, m\u00fasicas que voc\u00eas v\u00e3o amar escutar\u2026 Mal posso esperar para estar l\u00e1, no altar do planeta!\u201d<\/em>finalizou, junto a uma foto com um leque escrito \u201cLobacabana\u201d.<\/span><\/p>\n<div id=\"attachment_1018345\" style=\"width: 315px\" class=\"wp-caption alignnone\"><img fetchpriority=\"high\" decoding=\"async\" aria-describedby=\"caption-attachment-1018345\" class=\" wp-image-1018345\" src=\"https:\/\/portalpopline.com.br\/wp-content\/uploads\/2026\/04\/WhatsApp-Image-2026-04-26-at-15.20.23-1.jpeg\" alt=\"Shakira abre vota\u00e7\u00e3o para decidir setlist e convidado brasileiro em seu show em Copacabana\" width=\"305\" height=\"538\"\/><\/p>\n<p id=\"caption-attachment-1018345\" class=\"wp-caption-text\">Foto: Instagram @shakira<\/p>\n<\/div>\n<p><span style=\"font-weight: 400;\">Em outro story, a cantora deixou uma vota\u00e7\u00e3o aos f\u00e3s para descobrir qual m\u00fasica mais querem escutar ao vivo em seu show. Entre as op\u00e7\u00f5es est\u00e3o<em> \u201cQuadris n\u00e3o mentem\u201d<\/em>, <em>&#8220;Chantagem&#8221;<\/em>, <em>\u201cGarota como eu\u201d<\/em> e sua colabora\u00e7\u00e3o com <strong>Rihanna,<\/strong><em>  \u201cN\u00e3o consigo lembrar de te esquecer\u201d<\/em>que lidera a vota\u00e7\u00e3o. A postagem anterior da colombiana foi, justamente, um trecho de seu clipe com a estrela de Barbados.<\/span><\/p>\n<div id=\"attachment_1018346\" style=\"width: 310px\" class=\"wp-caption alignnone\"><img decoding=\"async\" aria-describedby=\"caption-attachment-1018346\" class=\" wp-image-1018346\" src=\"https:\/\/portalpopline.com.br\/wp-content\/uploads\/2026\/04\/WhatsApp-Image-2026-04-26-at-15.20.23.jpeg\" alt=\"Shakira abre vota\u00e7\u00e3o para decidir setlist e convidado brasileiro em seu show em Copacabana\" width=\"300\" height=\"525\"\/><\/p>\n<p id=\"caption-attachment-1018346\" class=\"wp-caption-text\">Foto: Instagram @shakira<\/p>\n<\/div>\n<p><span style=\"font-weight: 400;\">Em seguida, <strong>Shakira<\/strong> deixou uma caixa de perguntas para que seus seguidores opinassem sobre qual artista brasileiro deveria convidar ao palco na noite de seu show. <em>\u201cQual artista brasileiro eu deveria cantar junto?\u201d<\/em>questiona em postagem.<\/span><\/p>\n<div id=\"attachment_1018347\" style=\"width: 311px\" class=\"wp-caption alignnone\"><img decoding=\"async\" aria-describedby=\"caption-attachment-1018347\" class=\" wp-image-1018347\" src=\"https:\/\/portalpopline.com.br\/wp-content\/uploads\/2026\/04\/893b7eaf-902c-4b06-8504-9dcba66a5b28.jpg\" alt=\"Shakira abre vota\u00e7\u00e3o para decidir setlist e convidado brasileiro em seu show em Copacabana\" width=\"301\" height=\"519\"\/><\/p>\n<p id=\"caption-attachment-1018347\" class=\"wp-caption-text\">Foto: Instagram @shakira<\/p>\n<\/div>\n<h3><strong>Shakira deu entrevista \u00e0 Globo e chamou Copacabana de \u201caltar do planeta\u201d<\/strong><\/h3>\n<p><span style=\"font-weight: 400;\">A pr\u00f3pria <\/span><b>Shakira<\/b><span style=\"font-weight: 400;\">que encabe\u00e7ar\u00e1 o <\/span><b>Todo Mundo no Rio<\/b><span style=\"font-weight: 400;\">  de 2026! QUALQUER <\/span><b>Linha POP<\/b><span style=\"font-weight: 400;\">  recebeu informa\u00e7\u00f5es quentinhas da <\/span><b>Globo<\/b><span style=\"font-weight: 400;\">  e j\u00e1 te conta antes: o <\/span><i><span style=\"font-weight: 400;\">\u201cFant\u00e1stico\u201d<\/span><\/i><span style=\"font-weight: 400;\">  deste <\/span><b>domingo (26)<\/b><span style=\"font-weight: 400;\">  vai cruzar o mapa at\u00e9 Miami para um encontro especial com <\/span><b>Shakira<\/b><span style=\"font-weight: 400;\">. A rep\u00f3rter <\/span><b>L\u00edlia Teles<\/b><span style=\"font-weight: 400;\">  conversou com a cantora sobre a rela\u00e7\u00e3o intensa com o Brasil e a expectativa para o megashow nas areias de Copacabana. <\/span><\/p>\n<div id=\"attachment_1018313\" style=\"width: 364px\" class=\"wp-caption alignnone\"><img loading=\"lazy\" decoding=\"async\" aria-describedby=\"caption-attachment-1018313\" class=\" wp-image-1018313\" src=\"https:\/\/portalpopline.com.br\/wp-content\/uploads\/2026\/04\/shakira-declara-brasil-copacabana-altar-planeta-fantastico-exclusivo-2.jpeg\" alt=\"Shakira se declara ao Brasil e chama Copacabana de &quot;altar do planeta&quot; n\u00e3o &quot;Fant\u00e1stico&quot; (EXCLUSIVO)\" width=\"354\" height=\"525\"\/><\/p>\n<p id=\"caption-attachment-1018313\" class=\"wp-caption-text\">Foto: TV Globo<\/p>\n<\/div>\n<p><span style=\"font-weight: 400;\">Olha\u2026 vem declara\u00e7\u00e3o daquelas! <\/span><b>Shakira<\/b><span style=\"font-weight: 400;\">  n\u00e3o s\u00f3 falou em portugu\u00eas, como se emocionou ao descrever a praia carioca como um verdadeiro <\/span><i><span style=\"font-weight: 400;\">\u201caltar do planeta\u201d<\/span><\/i><span style=\"font-weight: 400;\">. A artista ainda contou que sempre sonhou em cantar em Copacabana e confessou o frio na barriga para o momento, sucedendo apresenta\u00e7\u00f5es hist\u00f3ricas de <\/span><b>Madona<\/b><span style=\"font-weight: 400;\">  e <\/span><b>Senhora Gaga<\/b><span style=\"font-weight: 400;\">.<\/span><\/p>\n<div id=\"attachment_1018312\" style=\"width: 1210px\" class=\"wp-caption alignnone\"><img loading=\"lazy\" decoding=\"async\" aria-describedby=\"caption-attachment-1018312\" class=\"size-full wp-image-1018312\" src=\"https:\/\/portalpopline.com.br\/wp-content\/uploads\/2026\/04\/shakira-declara-brasil-copacabana-altar-planeta-fantastico-exclusivo.jpg\" alt=\"Shakira se declara ao Brasil e chama Copacabana de &quot;altar do planeta&quot; n\u00e3o &quot;Fant\u00e1stico&quot; (EXCLUSIVO)\" width=\"1200\" height=\"902\"\/><\/p>\n<p id=\"caption-attachment-1018312\" class=\"wp-caption-text\">Fotos: Instagram @shakira | TV Globo<\/p>\n<\/div>\n<p><i><span style=\"font-weight: 400;\">\u201cEu me sinto muito brasileira\u201d<\/span><\/i><span style=\"font-weight: 400;\">disse, destacando as semelhan\u00e7as entre Brasil e Col\u00f4mbia e refor\u00e7ando que, apesar das fronteiras, o cora\u00e7\u00e3o dela j\u00e1 atravessou todas.<\/span><\/p>\n<\/div>\n<p><\/a><\/p>\n","protected":false},"excerpt":{"rendered":"<p>Em contagem regressiva para um show que promete reunir milh\u00f5es na praia de Copacabana, Shakira utilizou suas redes sociais para interagir com f\u00e3s e descobrir quais m\u00fasicas gostariam de escutar e quais artistas brasileiros deveria convidar para subir ao palco. Em portugu\u00eas \u2014 como j\u00e1 vem postando h\u00e1 alguns dias \u2014, a cantora postou uma [&hellip;]<\/p>\n","protected":false},"author":5,"featured_media":4292,"comment_status":"open","ping_status":"open","sticky":false,"template":"","format":"standard","meta":{"footnotes":""},"categories":[1],"tags":[],"class_list":["post-4291","post","type-post","status-publish","format-standard","has-post-thumbnail","hentry","category-noticias"],"_links":{"self":[{"href":"https:\/\/radiocidadefmonline.com.br\/home\/wp-json\/wp\/v2\/posts\/4291","targetHints":{"allow":["GET"]}}],"collection":[{"href":"https:\/\/radiocidadefmonline.com.br\/home\/wp-json\/wp\/v2\/posts"}],"about":[{"href":"https:\/\/radiocidadefmonline.com.br\/home\/wp-json\/wp\/v2\/types\/post"}],"author":[{"embeddable":true,"href":"https:\/\/radiocidadefmonline.com.br\/home\/wp-json\/wp\/v2\/users\/5"}],"replies":[{"embeddable":true,"href":"https:\/\/radiocidadefmonline.com.br\/home\/wp-json\/wp\/v2\/comments?post=4291"}],"version-history":[{"count":1,"href":"https:\/\/radiocidadefmonline.com.br\/home\/wp-json\/wp\/v2\/posts\/4291\/revisions"}],"predecessor-version":[{"id":4293,"href":"https:\/\/radiocidadefmonline.com.br\/home\/wp-json\/wp\/v2\/posts\/4291\/revisions\/4293"}],"wp:featuredmedia":[{"embeddable":true,"href":"https:\/\/radiocidadefmonline.com.br\/home\/wp-json\/wp\/v2\/media\/4292"}],"wp:attachment":[{"href":"https:\/\/radiocidadefmonline.com.br\/home\/wp-json\/wp\/v2\/media?parent=4291"}],"wp:term":[{"taxonomy":"category","embeddable":true,"href":"https:\/\/radiocidadefmonline.com.br\/home\/wp-json\/wp\/v2\/categories?post=4291"},{"taxonomy":"post_tag","embeddable":true,"href":"https:\/\/radiocidadefmonline.com.br\/home\/wp-json\/wp\/v2\/tags?post=4291"}],"curies":[{"name":"wp","href":"https:\/\/api.w.org\/{rel}","templated":true}]}}