{"id":4285,"date":"2026-04-24T18:30:00","date_gmt":"2026-04-24T21:30:00","guid":{"rendered":"https:\/\/radiocidadefmonline.com.br\/home\/influenciador-acusa-chris-brown-de-colorismo-em-meio-a-uma-disputa-viral-online\/"},"modified":"2026-04-26T06:49:25","modified_gmt":"2026-04-26T09:49:25","slug":"influenciador-acusa-chris-brown-de-colorismo-em-meio-a-uma-disputa-viral-online","status":"publish","type":"post","link":"https:\/\/radiocidadefmonline.com.br\/home\/influenciador-acusa-chris-brown-de-colorismo-em-meio-a-uma-disputa-viral-online\/","title":{"rendered":"Influenciador acusa Chris Brown de colorismo em meio a uma disputa viral online"},"content":{"rendered":"<p><\/p>\n<div>\n<p>Uma breve troca nas redes sociais mais uma vez colocou Chris Brown no centro da conversa online depois que uma rea\u00e7\u00e3o que ele postou abaixo de uma imagem do Instagram de um s\u00f3sia de Karrueche Tran atraiu cr\u00edticas renovadas. A postagem, marcada por emojis de fogo, gerou uma resposta contundente do criador de conte\u00fado @doliestv, que se envolveu repetidamente com Brown \u00e0 vista do p\u00fablico. O que come\u00e7ou como um coment\u00e1rio sobre a apar\u00eancia rapidamente se transformou em uma disputa mais ampla que abordou cr\u00edticas de longa data em torno da hist\u00f3ria p\u00fablica e da produ\u00e7\u00e3o art\u00edstica do cantor. O tom de ambos os lados aumentou \u00e0 medida que a intera\u00e7\u00e3o avan\u00e7ava pelas plataformas.<\/p>\n<p>Em um v\u00eddeo compartilhado por Livebitez no Instagram, @doliestv respondeu logo ap\u00f3s Brown se referir ao seu nariz como \u201cinhame\u201d. \u201cVoc\u00ea \u00e9 um idiota, mano\u201d, ele expressou. \u201cVoc\u00ea \u00e9 um colorista conhecido, voc\u00ea \u00e9 conhecido por colocar a Branca de Neve no nariz. Voc\u00ea n\u00e3o \u00e9 um merda, voc\u00ea n\u00e3o \u00e9 assim, voc\u00ea n\u00e3o tem talento. Voc\u00ea n\u00e3o \u00e9 Michael Jackson, voc\u00ea \u00e9 um aspirante a Michael Jackson. Eu vou te dar uma surra, mano. Eu prometo que n\u00e3o \u00e9 assim. Sua m\u00fasica caiu, voc\u00ea tem que usar Usher para aquela turn\u00ea. Voc\u00ea n\u00e3o gosta disso. (\u2026) Pare de comentar sobre minhas merdas agindo como voc\u00ea sabe eu. Eu n\u00e3o conhe\u00e7o voc\u00ea. P***yb***h (&#8230;) Chris Brown estava tentando me intimidar por causa do meu nariz nos coment\u00e1rios. Ele disse \u2018Tire esse inhame da (sua) cara\u2019 e as pessoas concordaram. O clipe circulou amplamente, atraindo respostas divididas dos telespectadores.<\/p>\n<h2 class=\"wp-block-heading\" id=\"h-chris-brown-online-clash-sparks-fresh-scrutiny\">O confronto online de Chris Brown desperta um novo escrut\u00ednio<\/h2>\n<p>Separadamente, @doliestv escreveu no Instagram: &#8220;@chrisbrownofficial, eu sei que voc\u00ea odeia caracter\u00edsticas negras. \u00c9 exatamente por isso que voc\u00ea n\u00e3o gosta de mulheres negras. Voc\u00ea literalmente mostra seu \u00f3dio, haha, ent\u00e3o v\u00e1 ser branco.&#8221; Mais tarde, Brown respondeu nos coment\u00e1rios com emojis de riso, escrevendo: &#8220;(emojis rindo) Voc\u00ea parece magoado, meu garoto. Eu sou coxo, mas voc\u00ea achou que isso era uma not\u00edcia real para fazer um post sobre outro mano. Melhor ter sorte, eu n\u00e3o estou tentando quebrar sua m\u00e3e.&#8221; A troca aumentou um padr\u00e3o de confrontos online intermitentes envolvendo os dois.<\/p>\n<p>Brown est\u00e1 atualmente se preparando para uma turn\u00ea conjunta com Usher, uma turn\u00ea de alto n\u00edvel que dever\u00e1 atrair um grande p\u00fablico. Embora a sua presen\u00e7a comercial continue forte, disputas p\u00fablicas como esta continuam a surgir \u00e0 sua volta. Se este \u00faltimo epis\u00f3dio desaparece ou continua a circular online permanece incerto, reflectindo a rapidez com que as interac\u00e7\u00f5es nas redes sociais podem expandir-se para debates culturais mais amplos.<\/p>\n<aside class=\"wp-block-group wp-block-mediaco-read-next is-layout-flow wp-block-group-is-layout-flow\">\n<\/aside>\n<\/div>\n<p><\/a><\/p>\n","protected":false},"excerpt":{"rendered":"<p>Uma breve troca nas redes sociais mais uma vez colocou Chris Brown no centro da conversa online depois que uma rea\u00e7\u00e3o que ele postou abaixo de uma imagem do Instagram de um s\u00f3sia de Karrueche Tran atraiu cr\u00edticas renovadas. A postagem, marcada por emojis de fogo, gerou uma resposta contundente do criador de conte\u00fado @doliestv, [&hellip;]<\/p>\n","protected":false},"author":7,"featured_media":4286,"comment_status":"open","ping_status":"open","sticky":false,"template":"","format":"standard","meta":{"footnotes":""},"categories":[6],"tags":[],"class_list":["post-4285","post","type-post","status-publish","format-standard","has-post-thumbnail","hentry","category-noticias-da-hot97-fm"],"_links":{"self":[{"href":"https:\/\/radiocidadefmonline.com.br\/home\/wp-json\/wp\/v2\/posts\/4285","targetHints":{"allow":["GET"]}}],"collection":[{"href":"https:\/\/radiocidadefmonline.com.br\/home\/wp-json\/wp\/v2\/posts"}],"about":[{"href":"https:\/\/radiocidadefmonline.com.br\/home\/wp-json\/wp\/v2\/types\/post"}],"author":[{"embeddable":true,"href":"https:\/\/radiocidadefmonline.com.br\/home\/wp-json\/wp\/v2\/users\/7"}],"replies":[{"embeddable":true,"href":"https:\/\/radiocidadefmonline.com.br\/home\/wp-json\/wp\/v2\/comments?post=4285"}],"version-history":[{"count":1,"href":"https:\/\/radiocidadefmonline.com.br\/home\/wp-json\/wp\/v2\/posts\/4285\/revisions"}],"predecessor-version":[{"id":4287,"href":"https:\/\/radiocidadefmonline.com.br\/home\/wp-json\/wp\/v2\/posts\/4285\/revisions\/4287"}],"wp:featuredmedia":[{"embeddable":true,"href":"https:\/\/radiocidadefmonline.com.br\/home\/wp-json\/wp\/v2\/media\/4286"}],"wp:attachment":[{"href":"https:\/\/radiocidadefmonline.com.br\/home\/wp-json\/wp\/v2\/media?parent=4285"}],"wp:term":[{"taxonomy":"category","embeddable":true,"href":"https:\/\/radiocidadefmonline.com.br\/home\/wp-json\/wp\/v2\/categories?post=4285"},{"taxonomy":"post_tag","embeddable":true,"href":"https:\/\/radiocidadefmonline.com.br\/home\/wp-json\/wp\/v2\/tags?post=4285"}],"curies":[{"name":"wp","href":"https:\/\/api.w.org\/{rel}","templated":true}]}}