{"id":4270,"date":"2026-04-20T23:35:03","date_gmt":"2026-04-21T02:35:03","guid":{"rendered":"https:\/\/radiocidadefmonline.com.br\/home\/anitta-abre-show-do-the-weeknd-no-mexico-com-musica-do-equilibrivm-e-look-inspirado-no-album\/"},"modified":"2026-04-21T01:46:34","modified_gmt":"2026-04-21T04:46:34","slug":"anitta-abre-show-do-the-weeknd-no-mexico-com-musica-do-equilibrivm-e-look-inspirado-no-album","status":"publish","type":"post","link":"https:\/\/radiocidadefmonline.com.br\/home\/anitta-abre-show-do-the-weeknd-no-mexico-com-musica-do-equilibrivm-e-look-inspirado-no-album\/","title":{"rendered":"Anitta abre show do The Weeknd no M\u00e9xico com m\u00fasica do &#8220;EQUILIBRIVM&#8221; e look inspirado no \u00e1lbum"},"content":{"rendered":"<p><\/p>\n<div>\n<p>Pouco depois de dizer que seus shows de abertura para a atual turn\u00ea de <strong>O fim de semana<\/strong> tinham muito mais a ver com a proposta do <em>\u201cGera\u00e7\u00e3o Funk\u201d<\/em> (2024) do que seu sucessor, o rec\u00e9m-lan\u00e7ado disco <em>\u201cEQUIL\u00cdBRIO\u201d<\/em>, <strong>Anitta<\/strong> surpreendeu f\u00e3s na noite desta <strong>segunda-feira (20)<\/strong>. A cantora escolheu <strong>\u201cMeia Noite\u201d<\/strong>uma das faixas do novo \u00e1lbum, para iniciar seu <em>definir<\/em> no primeiro de seis shows que ela far\u00e1 na <em>\u201cTurn\u00ea Depois do Hor\u00e1rio at\u00e9 o Amanhecer\u201d<\/em>do astro canadense. A primeira parada foi no Est\u00e1dio GNP Seguros, na <strong>Cidade do M\u00e9xico<\/strong>. Veja v\u00eddeos!<\/p>\n<h4>LEIA MAIS:<\/h4>\n<div id=\"attachment_1017769\" style=\"width: 1210px\" class=\"wp-caption aligncenter\"><img fetchpriority=\"high\" decoding=\"async\" aria-describedby=\"caption-attachment-1017769\" src=\"https:\/\/portalpopline.com.br\/wp-content\/uploads\/2026\/04\/anitta-nao-vai-fazer-shows-abertura-the-weeknd-nao-tem-a-ver.jpg\" alt=\"Anitta diz o que n\u00e3o vai fazer em shows de abertura para The Weeknd: &quot;N\u00e3o tem a ver&quot;\" width=\"1200\" height=\"902\" class=\"size-full wp-image-1017769\"\/><\/p>\n<p id=\"caption-attachment-1017769\" class=\"wp-caption-text\">Fotos: Mar+Vin; Instagram\/@theweeknd<\/p>\n<\/div>\n<p>Com o cabelo tran\u00e7ado e look inspirado nos visuais do <em>\u201cEQUIL\u00cdBRIO\u201d<\/em>, <strong>Anitta<\/strong> iniciou seu show de abertura com \u201cMeia Noite\u201d \u2013 parceria com o trio de produtores <strong>Os brasileiros<\/strong> -, uma das faixas-destaque do \u00e1lbum lan\u00e7ado no \u00faltimo dia 16.<\/p>\n<p>A cantora j\u00e1 tinha prometido que o show n\u00e3o seria focado no disco, mas que ela encaixaria uma m\u00fasica ou outra. \u201cChoka Choka\u201d, parceria entre a brasileira e <strong>Shakira<\/strong>tamb\u00e9m ganhou espa\u00e7o no repert\u00f3rio.<\/p>\n<blockquote class=\"twitter-tweet\">\n<p lang=\"pt\" dir=\"ltr\">  Anitta abriu o show do The Weeknd com &#8220;Meia Noite&#8221;. <a rel=\"nofollow\" target=\"_blank\" href=\"https:\/\/t.co\/ZZJUv2usVX\">pic.twitter.com\/ZZJUv2usVX<\/a><\/p>\n<p>\u2014 Anitta Press (@AnittaPress) <a rel=\"nofollow\" target=\"_blank\" href=\"https:\/\/twitter.com\/AnittaPress\/status\/2046406320979341554?ref_src=twsrc%5Etfw\">21 de abril de 2026<\/a><\/p>\n<\/blockquote>\n<blockquote class=\"twitter-tweet\">\n<p lang=\"pt\" dir=\"ltr\">  MEU DEUS! Anitta j\u00e1 subiu no palco no show do The Weeknd. <a rel=\"nofollow\" target=\"_blank\" href=\"https:\/\/t.co\/hEnXPiw0oR\">pic.twitter.com\/hEnXPiw0oR<\/a><\/p>\n<p>\u2014 Acesso Anitta (@AcessoAnittaR) <a rel=\"nofollow\" target=\"_blank\" href=\"https:\/\/twitter.com\/AcessoAnittaR\/status\/2046407297291661534?ref_src=twsrc%5Etfw\">21 de abril de 2026<\/a><\/p>\n<\/blockquote>\n<blockquote class=\"twitter-tweet\">\n<p lang=\"tl\" dir=\"ltr\">  Anitta cantando &#8220;Choka Choka&#8221; <a rel=\"nofollow\" target=\"_blank\" href=\"https:\/\/t.co\/tWP1YsZPMK\">pic.twitter.com\/tWP1YsZPMK<\/a><\/p>\n<p>\u2014 Anitta Press (@AnittaPress) <a rel=\"nofollow\" target=\"_blank\" href=\"https:\/\/twitter.com\/AnittaPress\/status\/2046415148663845369?ref_src=twsrc%5Etfw\">21 de abril de 2026<\/a><\/p>\n<\/blockquote>\n<p>Tamb\u00e9m conforme antecipado pela artista, o <em>\u201cGera\u00e7\u00e3o Funk\u201d<\/em> teve uma grande fatia do tempo de show, com destaque para faixas como \u201cSavage Funk\u201d e \u201cJoga Pra Lua\u201d, momentos em que o p\u00fablico foi ao del\u00edrio. O <em>grande sucesso<\/em> global, \u201cEnvolver\u201d, foi outro destaque da <em>setlist<\/em>. E, para a surpresa do p\u00fablico, <strong>Anitta<\/strong> performou pela primeira vez sua parceria com a cantora mexicana <strong>SO Qu\u00eania<\/strong>\u201cEm 4\u201d.<\/p>\n<blockquote class=\"twitter-tweet\">\n<p lang=\"pt\" dir=\"ltr\">  TUDO! Anitta performando &#8220;Savage Funk&#8221; e &#8220;Joga pra Lua&#8221; no ato de abertura do show de The Weeknd no M\u00e9xico. <a rel=\"nofollow\" target=\"_blank\" href=\"https:\/\/t.co\/Qh2Q1yhDYy\">pic.twitter.com\/Qh2Q1yhDYy<\/a><\/p>\n<p>\u2014 Rede Anitta (@RedeAnittaBRs) <a rel=\"nofollow\" target=\"_blank\" href=\"https:\/\/twitter.com\/RedeAnittaBRs\/status\/2046409862733570549?ref_src=twsrc%5Etfw\">21 de abril de 2026<\/a><\/p>\n<\/blockquote>\n<blockquote class=\"twitter-tweet\">\n<p lang=\"pt\" dir=\"ltr\">Anitta cantando o seu HIT GLOBAL \u201cEnvolver\u201d no show de abertura do The Weeknd. <a rel=\"nofollow\" target=\"_blank\" href=\"https:\/\/t.co\/KSxidA3bll\">pic.twitter.com\/KSxidA3bll<\/a><\/p>\n<p>\u2014 Anitta Brasil (@anittbrasil) <a rel=\"nofollow\" target=\"_blank\" href=\"https:\/\/twitter.com\/anittbrasil\/status\/2046409755061584303?ref_src=twsrc%5Etfw\">21 de abril de 2026<\/a><\/p>\n<\/blockquote>\n<blockquote class=\"twitter-tweet\">\n<p lang=\"pt\" dir=\"ltr\">Anitta cantando &#8220;En 4&#8221; feat com Kenia OS pela primeira vez! <a rel=\"nofollow\" target=\"_blank\" href=\"https:\/\/t.co\/5Pgt60wacC\">pic.twitter.com\/5Pgt60wacC<\/a><\/p>\n<p>\u2014 Anitta Press (@AnittaPress) <a rel=\"nofollow\" target=\"_blank\" href=\"https:\/\/twitter.com\/AnittaPress\/status\/2046411735641346080?ref_src=twsrc%5Etfw\">21 de abril de 2026<\/a><\/p>\n<\/blockquote>\n<blockquote class=\"twitter-tweet\">\n<p lang=\"es\" dir=\"ltr\">HIT MEXICANO, Anitta cantando \u201cBellakeo\u201d. <a rel=\"nofollow\" target=\"_blank\" href=\"https:\/\/t.co\/aKzN3ZWVTl\">pic.twitter.com\/aKzN3ZWVTl<\/a><\/p>\n<p>\u2014 Anitta Brasil (@anittbrasil) <a rel=\"nofollow\" target=\"_blank\" href=\"https:\/\/twitter.com\/anittbrasil\/status\/2046410895836754185?ref_src=twsrc%5Etfw\">21 de abril de 2026<\/a><\/p>\n<\/blockquote>\n<p>Al\u00e9m do show dessa segunda (20), a cantora volta a se apresentar na ter\u00e7a (21) e quarta (22), no Est\u00e1dio GNP Seguros, na Cidade do M\u00e9xico. Na sequ\u00eancia, \u00e9 a vez do Brasil. <strong>Anitta<\/strong> aquecer\u00e1 o p\u00fablico para a chegada do astro canadense no dia 26 de abril, no Est\u00e1dio Ol\u00edmpico Nilton Santos (Engenh\u00e3o), no <strong>Rio de Janeiro<\/strong> e nos dias 30 de abril e 1\u00ba de maio, no Est\u00e1dio Morumbis, em <strong>S\u00e3o Paulo<\/strong>.<\/p>\n<\/div>\n<p><script async src=\"\/\/platform.twitter.com\/widgets.js\" charset=\"utf-8\"><\/script><br \/>\n<br \/><\/a><\/p>\n","protected":false},"excerpt":{"rendered":"<p>Pouco depois de dizer que seus shows de abertura para a atual turn\u00ea de O fim de semana tinham muito mais a ver com a proposta do \u201cGera\u00e7\u00e3o Funk\u201d (2024) do que seu sucessor, o rec\u00e9m-lan\u00e7ado disco \u201cEQUIL\u00cdBRIO\u201d, Anitta surpreendeu f\u00e3s na noite desta segunda-feira (20). A cantora escolheu \u201cMeia Noite\u201duma das faixas do novo [&hellip;]<\/p>\n","protected":false},"author":5,"featured_media":4271,"comment_status":"open","ping_status":"open","sticky":false,"template":"","format":"standard","meta":{"footnotes":""},"categories":[1],"tags":[],"class_list":["post-4270","post","type-post","status-publish","format-standard","has-post-thumbnail","hentry","category-noticias"],"_links":{"self":[{"href":"https:\/\/radiocidadefmonline.com.br\/home\/wp-json\/wp\/v2\/posts\/4270","targetHints":{"allow":["GET"]}}],"collection":[{"href":"https:\/\/radiocidadefmonline.com.br\/home\/wp-json\/wp\/v2\/posts"}],"about":[{"href":"https:\/\/radiocidadefmonline.com.br\/home\/wp-json\/wp\/v2\/types\/post"}],"author":[{"embeddable":true,"href":"https:\/\/radiocidadefmonline.com.br\/home\/wp-json\/wp\/v2\/users\/5"}],"replies":[{"embeddable":true,"href":"https:\/\/radiocidadefmonline.com.br\/home\/wp-json\/wp\/v2\/comments?post=4270"}],"version-history":[{"count":1,"href":"https:\/\/radiocidadefmonline.com.br\/home\/wp-json\/wp\/v2\/posts\/4270\/revisions"}],"predecessor-version":[{"id":4272,"href":"https:\/\/radiocidadefmonline.com.br\/home\/wp-json\/wp\/v2\/posts\/4270\/revisions\/4272"}],"wp:featuredmedia":[{"embeddable":true,"href":"https:\/\/radiocidadefmonline.com.br\/home\/wp-json\/wp\/v2\/media\/4271"}],"wp:attachment":[{"href":"https:\/\/radiocidadefmonline.com.br\/home\/wp-json\/wp\/v2\/media?parent=4270"}],"wp:term":[{"taxonomy":"category","embeddable":true,"href":"https:\/\/radiocidadefmonline.com.br\/home\/wp-json\/wp\/v2\/categories?post=4270"},{"taxonomy":"post_tag","embeddable":true,"href":"https:\/\/radiocidadefmonline.com.br\/home\/wp-json\/wp\/v2\/tags?post=4270"}],"curies":[{"name":"wp","href":"https:\/\/api.w.org\/{rel}","templated":true}]}}