{"id":4258,"date":"2026-04-17T21:32:37","date_gmt":"2026-04-18T00:32:37","guid":{"rendered":"https:\/\/radiocidadefmonline.com.br\/home\/iza-aline-wirley-e-gabi-melim-vao-ao-4o-dia-do-rio-fashion-week-veja-fotos\/"},"modified":"2026-04-18T01:06:04","modified_gmt":"2026-04-18T04:06:04","slug":"iza-aline-wirley-e-gabi-melim-vao-ao-4o-dia-do-rio-fashion-week-veja-fotos","status":"publish","type":"post","link":"https:\/\/radiocidadefmonline.com.br\/home\/iza-aline-wirley-e-gabi-melim-vao-ao-4o-dia-do-rio-fashion-week-veja-fotos\/","title":{"rendered":"IZA, Aline Wirley e Gabi Melim v\u00e3o ao 4\u00ba dia do Rio Fashion Week; veja fotos!"},"content":{"rendered":"<p><\/p>\n<div>\n<p>\u00d3 <strong>Semana de Moda Rio 2026<\/strong> cortar a todo vapor n\u00e3o <strong>P\u00eder Mau\u00e1<\/strong> e teve seu 4\u00ba dia de desfiles nesta <strong>sexta-feira (17)<\/strong>. <strong>IZA, Aline Wirley<\/strong> e <strong>Gabi Melim<\/strong> foram alguns dos nomes da m\u00fasica vistos no evento que re\u00fane mais de 20 marcas, trazendo suas novas cole\u00e7\u00f5es. O Rio Fashion Week, al\u00e9m de desfiles, traz, ainda, <em>neg\u00f3cios, tapete vermelho<\/em>gastronomia e festas. Veja os <strong>looks dos famosos<\/strong> que compareceram!<\/p>\n<div class=\"r4ads r4ads-320\"\/>\n<h4>LEIA MAIS:<\/h4>\n<ul>\n<li>MET Gala 2026 revela tema \u201cA moda \u00e9 arte\u201d com Beyonc\u00e9 entre as co-presidentes<\/li>\n<li>Primog\u00eanita de Beyonc\u00e9, Blue Ivy far\u00e1 sua estreia no MET Gala em 2026?<\/li>\n<li>Beyonc\u00e9 voltar\u00e1 ao MET Gala em 2026 \u2013 desta vez como anfitri\u00e3<\/li>\n<li>Billie Eilish rebate cr\u00edticas por look do MET Gala gerado por IA: Me deixem em paz!<\/li>\n<\/ul>\n<h3>ATR\u00c1S<\/h3>\n<div id=\"attachment_1017544\" style=\"width: 1210px\" class=\"wp-caption aligncenter\"><img fetchpriority=\"high\" decoding=\"async\" aria-describedby=\"caption-attachment-1017544\" src=\"https:\/\/portalpopline.com.br\/wp-content\/uploads\/2026\/04\/iza-aline-wirley-gabi-melim-4o-dia-rio-fashion-week-fotos-10.jpeg\" alt=\"IZA, Aline Wirley e Gabi Melim v\u00e3o ao 4\u00ba dia do Rio Fashion Week; veja fotos!\" width=\"1200\" height=\"1798\" class=\"size-full wp-image-1017544\"\/><\/p>\n<p id=\"caption-attachment-1017544\" class=\"wp-caption-text\">Foto: Brasil News<\/p>\n<\/div>\n<h3>Aline Wirley e Igor Rickli<\/h3>\n<div id=\"attachment_1017545\" style=\"width: 1210px\" class=\"wp-caption aligncenter\"><img decoding=\"async\" aria-describedby=\"caption-attachment-1017545\" alt=\"IZA, Aline Wirley e Gabi Melim v\u00e3o ao 4\u00ba dia do Rio Fashion Week; veja fotos!\" width=\"1200\" height=\"1797\" class=\"size-full wp-image-1017545\" src=\"https:\/\/portalpopline.com.br\/wp-content\/uploads\/2026\/04\/iza-aline-wirley-gabi-melim-4o-dia-rio-fashion-week-fotos-4.jpeg\"\/><img decoding=\"async\" aria-describedby=\"caption-attachment-1017545\" src=\"https:\/\/portalpopline.com.br\/wp-content\/uploads\/2026\/04\/iza-aline-wirley-gabi-melim-4o-dia-rio-fashion-week-fotos-4.jpeg\" alt=\"IZA, Aline Wirley e Gabi Melim v\u00e3o ao 4\u00ba dia do Rio Fashion Week; veja fotos!\" width=\"1200\" height=\"1797\" class=\"size-full wp-image-1017545\"\/><\/p>\n<p id=\"caption-attachment-1017545\" class=\"wp-caption-text\">Foto: Brasil News<\/p>\n<\/div>\n<h3>Gabi Melim<\/h3>\n<div id=\"attachment_1017546\" style=\"width: 1210px\" class=\"wp-caption aligncenter\"><img loading=\"lazy\" decoding=\"async\" aria-describedby=\"caption-attachment-1017546\" alt=\"IZA, Aline Wirley e Gabi Melim v\u00e3o ao 4\u00ba dia do Rio Fashion Week; veja fotos!\" width=\"1200\" height=\"1797\" class=\"size-full wp-image-1017546\" src=\"https:\/\/portalpopline.com.br\/wp-content\/uploads\/2026\/04\/iza-aline-wirley-gabi-melim-4o-dia-rio-fashion-week-fotos-11.jpeg\"\/><img loading=\"lazy\" decoding=\"async\" aria-describedby=\"caption-attachment-1017546\" src=\"https:\/\/portalpopline.com.br\/wp-content\/uploads\/2026\/04\/iza-aline-wirley-gabi-melim-4o-dia-rio-fashion-week-fotos-11.jpeg\" alt=\"IZA, Aline Wirley e Gabi Melim v\u00e3o ao 4\u00ba dia do Rio Fashion Week; veja fotos!\" width=\"1200\" height=\"1797\" class=\"size-full wp-image-1017546\"\/><\/p>\n<p id=\"caption-attachment-1017546\" class=\"wp-caption-text\">Foto: Brasil News<\/p>\n<\/div>\n<h3>Any Gabrielly e IZA<\/h3>\n<div id=\"attachment_1017547\" style=\"width: 1210px\" class=\"wp-caption aligncenter\"><img loading=\"lazy\" decoding=\"async\" aria-describedby=\"caption-attachment-1017547\" alt=\"IZA, Aline Wirley e Gabi Melim v\u00e3o ao 4\u00ba dia do Rio Fashion Week; veja fotos!\" width=\"1200\" height=\"801\" class=\"size-full wp-image-1017547\" src=\"https:\/\/portalpopline.com.br\/wp-content\/uploads\/2026\/04\/iza-aline-wirley-gabi-melim-4o-dia-rio-fashion-week-fotos-9.jpeg\"\/><img loading=\"lazy\" decoding=\"async\" aria-describedby=\"caption-attachment-1017547\" src=\"https:\/\/portalpopline.com.br\/wp-content\/uploads\/2026\/04\/iza-aline-wirley-gabi-melim-4o-dia-rio-fashion-week-fotos-9.jpeg\" alt=\"IZA, Aline Wirley e Gabi Melim v\u00e3o ao 4\u00ba dia do Rio Fashion Week; veja fotos!\" width=\"1200\" height=\"801\" class=\"size-full wp-image-1017547\"\/><\/p>\n<p id=\"caption-attachment-1017547\" class=\"wp-caption-text\">Foto: Brasil News<\/p>\n<\/div>\n<h3>Sabrina Sato<\/h3>\n<div id=\"attachment_1017548\" style=\"width: 1210px\" class=\"wp-caption aligncenter\"><img loading=\"lazy\" decoding=\"async\" aria-describedby=\"caption-attachment-1017548\" alt=\"IZA, Aline Wirley e Gabi Melim v\u00e3o ao 4\u00ba dia do Rio Fashion Week; veja fotos!\" width=\"1200\" height=\"1798\" class=\"size-full wp-image-1017548\" src=\"https:\/\/portalpopline.com.br\/wp-content\/uploads\/2026\/04\/iza-aline-wirley-gabi-melim-4o-dia-rio-fashion-week-fotos-3.jpeg\"\/><img loading=\"lazy\" decoding=\"async\" aria-describedby=\"caption-attachment-1017548\" src=\"https:\/\/portalpopline.com.br\/wp-content\/uploads\/2026\/04\/iza-aline-wirley-gabi-melim-4o-dia-rio-fashion-week-fotos-3.jpeg\" alt=\"IZA, Aline Wirley e Gabi Melim v\u00e3o ao 4\u00ba dia do Rio Fashion Week; veja fotos!\" width=\"1200\" height=\"1798\" class=\"size-full wp-image-1017548\"\/><\/p>\n<p id=\"caption-attachment-1017548\" class=\"wp-caption-text\">Foto: Brasil News<\/p>\n<\/div>\n<h3>Brunna Gon\u00e7alves<\/h3>\n<div id=\"attachment_1017549\" style=\"width: 1210px\" class=\"wp-caption aligncenter\"><img loading=\"lazy\" decoding=\"async\" aria-describedby=\"caption-attachment-1017549\" alt=\"IZA, Aline Wirley e Gabi Melim v\u00e3o ao 4\u00ba dia do Rio Fashion Week; veja fotos!\" width=\"1200\" height=\"1799\" class=\"size-full wp-image-1017549\" src=\"https:\/\/portalpopline.com.br\/wp-content\/uploads\/2026\/04\/iza-aline-wirley-gabi-melim-4o-dia-rio-fashion-week-fotos.jpg\"\/><img loading=\"lazy\" decoding=\"async\" aria-describedby=\"caption-attachment-1017549\" src=\"https:\/\/portalpopline.com.br\/wp-content\/uploads\/2026\/04\/iza-aline-wirley-gabi-melim-4o-dia-rio-fashion-week-fotos.jpg\" alt=\"IZA, Aline Wirley e Gabi Melim v\u00e3o ao 4\u00ba dia do Rio Fashion Week; veja fotos!\" width=\"1200\" height=\"1799\" class=\"size-full wp-image-1017549\"\/><\/p>\n<p id=\"caption-attachment-1017549\" class=\"wp-caption-text\">Foto: Brasil News<\/p>\n<\/div>\n<h3>Boca Rosa<\/h3>\n<div id=\"attachment_1017550\" style=\"width: 1210px\" class=\"wp-caption aligncenter\"><img loading=\"lazy\" decoding=\"async\" aria-describedby=\"caption-attachment-1017550\" alt=\"IZA, Aline Wirley e Gabi Melim v\u00e3o ao 4\u00ba dia do Rio Fashion Week; veja fotos!\" width=\"1200\" height=\"1800\" class=\"size-full wp-image-1017550\" src=\"https:\/\/portalpopline.com.br\/wp-content\/uploads\/2026\/04\/iza-aline-wirley-gabi-melim-4o-dia-rio-fashion-week-fotos-5.jpg\"\/><img loading=\"lazy\" decoding=\"async\" aria-describedby=\"caption-attachment-1017550\" src=\"https:\/\/portalpopline.com.br\/wp-content\/uploads\/2026\/04\/iza-aline-wirley-gabi-melim-4o-dia-rio-fashion-week-fotos-5.jpg\" alt=\"IZA, Aline Wirley e Gabi Melim v\u00e3o ao 4\u00ba dia do Rio Fashion Week; veja fotos!\" width=\"1200\" height=\"1800\" class=\"size-full wp-image-1017550\"\/><\/p>\n<p id=\"caption-attachment-1017550\" class=\"wp-caption-text\">Foto: Brasil News<\/p>\n<\/div>\n<h3>Alice Wegman<\/h3>\n<div id=\"attachment_1017551\" style=\"width: 1210px\" class=\"wp-caption aligncenter\"><img loading=\"lazy\" decoding=\"async\" aria-describedby=\"caption-attachment-1017551\" alt=\"IZA, Aline Wirley e Gabi Melim v\u00e3o ao 4\u00ba dia do Rio Fashion Week; veja fotos!\" width=\"1200\" height=\"1798\" class=\"size-full wp-image-1017551\" src=\"https:\/\/portalpopline.com.br\/wp-content\/uploads\/2026\/04\/iza-aline-wirley-gabi-melim-4o-dia-rio-fashion-week-fotos-12.jpeg\"\/><img loading=\"lazy\" decoding=\"async\" aria-describedby=\"caption-attachment-1017551\" src=\"https:\/\/portalpopline.com.br\/wp-content\/uploads\/2026\/04\/iza-aline-wirley-gabi-melim-4o-dia-rio-fashion-week-fotos-12.jpeg\" alt=\"IZA, Aline Wirley e Gabi Melim v\u00e3o ao 4\u00ba dia do Rio Fashion Week; veja fotos!\" width=\"1200\" height=\"1798\" class=\"size-full wp-image-1017551\"\/><\/p>\n<p id=\"caption-attachment-1017551\" class=\"wp-caption-text\">Foto: Brasil News<\/p>\n<\/div>\n<h3>Jo\u00e3o Vitor Silva<\/h3>\n<div id=\"attachment_1017552\" style=\"width: 1210px\" class=\"wp-caption aligncenter\"><img loading=\"lazy\" decoding=\"async\" aria-describedby=\"caption-attachment-1017552\" alt=\"IZA, Aline Wirley e Gabi Melim v\u00e3o ao 4\u00ba dia do Rio Fashion Week; veja fotos!\" width=\"1200\" height=\"1800\" class=\"size-full wp-image-1017552\" src=\"https:\/\/portalpopline.com.br\/wp-content\/uploads\/2026\/04\/iza-aline-wirley-gabi-melim-4o-dia-rio-fashion-week-fotos-7.jpg\"\/><img loading=\"lazy\" decoding=\"async\" aria-describedby=\"caption-attachment-1017552\" src=\"https:\/\/portalpopline.com.br\/wp-content\/uploads\/2026\/04\/iza-aline-wirley-gabi-melim-4o-dia-rio-fashion-week-fotos-7.jpg\" alt=\"IZA, Aline Wirley e Gabi Melim v\u00e3o ao 4\u00ba dia do Rio Fashion Week; veja fotos!\" width=\"1200\" height=\"1800\" class=\"size-full wp-image-1017552\"\/><\/p>\n<p id=\"caption-attachment-1017552\" class=\"wp-caption-text\">Foto: Brasil News<\/p>\n<\/div>\n<h3>Giovanna Lancellotti<\/h3>\n<div id=\"attachment_1017553\" style=\"width: 1210px\" class=\"wp-caption aligncenter\"><img loading=\"lazy\" decoding=\"async\" aria-describedby=\"caption-attachment-1017553\" alt=\"IZA, Aline Wirley e Gabi Melim v\u00e3o ao 4\u00ba dia do Rio Fashion Week; veja fotos!\" width=\"1200\" height=\"800\" class=\"size-full wp-image-1017553\" src=\"https:\/\/portalpopline.com.br\/wp-content\/uploads\/2026\/04\/iza-aline-wirley-gabi-melim-4o-dia-rio-fashion-week-fotos-8.jpg\"\/><img loading=\"lazy\" decoding=\"async\" aria-describedby=\"caption-attachment-1017553\" src=\"https:\/\/portalpopline.com.br\/wp-content\/uploads\/2026\/04\/iza-aline-wirley-gabi-melim-4o-dia-rio-fashion-week-fotos-8.jpg\" alt=\"IZA, Aline Wirley e Gabi Melim v\u00e3o ao 4\u00ba dia do Rio Fashion Week; veja fotos!\" width=\"1200\" height=\"800\" class=\"size-full wp-image-1017553\"\/><\/p>\n<p id=\"caption-attachment-1017553\" class=\"wp-caption-text\">Foto: Brasil News<\/p>\n<\/div>\n<h3>Maxiane (BBB 26) est\u00e1 ATR\u00c1S<\/h3>\n<div id=\"attachment_1017554\" style=\"width: 1210px\" class=\"wp-caption aligncenter\"><img loading=\"lazy\" decoding=\"async\" aria-describedby=\"caption-attachment-1017554\" alt=\"IZA, Aline Wirley e Gabi Melim v\u00e3o ao 4\u00ba dia do Rio Fashion Week; veja fotos!\" width=\"1200\" height=\"1798\" class=\"size-full wp-image-1017554\" src=\"https:\/\/portalpopline.com.br\/wp-content\/uploads\/2026\/04\/iza-aline-wirley-gabi-melim-4o-dia-rio-fashion-week-fotos-2.jpeg\"\/><img loading=\"lazy\" decoding=\"async\" aria-describedby=\"caption-attachment-1017554\" src=\"https:\/\/portalpopline.com.br\/wp-content\/uploads\/2026\/04\/iza-aline-wirley-gabi-melim-4o-dia-rio-fashion-week-fotos-2.jpeg\" alt=\"IZA, Aline Wirley e Gabi Melim v\u00e3o ao 4\u00ba dia do Rio Fashion Week; veja fotos!\" width=\"1200\" height=\"1798\" class=\"size-full wp-image-1017554\"\/><\/p>\n<p id=\"caption-attachment-1017554\" class=\"wp-caption-text\">Foto: Brasil News<\/p>\n<\/div>\n<\/div>\n<p><\/a><\/p>\n","protected":false},"excerpt":{"rendered":"<p>\u00d3 Semana de Moda Rio 2026 cortar a todo vapor n\u00e3o P\u00eder Mau\u00e1 e teve seu 4\u00ba dia de desfiles nesta sexta-feira (17). IZA, Aline Wirley e Gabi Melim foram alguns dos nomes da m\u00fasica vistos no evento que re\u00fane mais de 20 marcas, trazendo suas novas cole\u00e7\u00f5es. O Rio Fashion Week, al\u00e9m de desfiles, [&hellip;]<\/p>\n","protected":false},"author":5,"featured_media":4259,"comment_status":"open","ping_status":"open","sticky":false,"template":"","format":"standard","meta":{"footnotes":""},"categories":[1],"tags":[],"class_list":["post-4258","post","type-post","status-publish","format-standard","has-post-thumbnail","hentry","category-noticias"],"_links":{"self":[{"href":"https:\/\/radiocidadefmonline.com.br\/home\/wp-json\/wp\/v2\/posts\/4258","targetHints":{"allow":["GET"]}}],"collection":[{"href":"https:\/\/radiocidadefmonline.com.br\/home\/wp-json\/wp\/v2\/posts"}],"about":[{"href":"https:\/\/radiocidadefmonline.com.br\/home\/wp-json\/wp\/v2\/types\/post"}],"author":[{"embeddable":true,"href":"https:\/\/radiocidadefmonline.com.br\/home\/wp-json\/wp\/v2\/users\/5"}],"replies":[{"embeddable":true,"href":"https:\/\/radiocidadefmonline.com.br\/home\/wp-json\/wp\/v2\/comments?post=4258"}],"version-history":[{"count":1,"href":"https:\/\/radiocidadefmonline.com.br\/home\/wp-json\/wp\/v2\/posts\/4258\/revisions"}],"predecessor-version":[{"id":4260,"href":"https:\/\/radiocidadefmonline.com.br\/home\/wp-json\/wp\/v2\/posts\/4258\/revisions\/4260"}],"wp:featuredmedia":[{"embeddable":true,"href":"https:\/\/radiocidadefmonline.com.br\/home\/wp-json\/wp\/v2\/media\/4259"}],"wp:attachment":[{"href":"https:\/\/radiocidadefmonline.com.br\/home\/wp-json\/wp\/v2\/media?parent=4258"}],"wp:term":[{"taxonomy":"category","embeddable":true,"href":"https:\/\/radiocidadefmonline.com.br\/home\/wp-json\/wp\/v2\/categories?post=4258"},{"taxonomy":"post_tag","embeddable":true,"href":"https:\/\/radiocidadefmonline.com.br\/home\/wp-json\/wp\/v2\/tags?post=4258"}],"curies":[{"name":"wp","href":"https:\/\/api.w.org\/{rel}","templated":true}]}}