{"id":4255,"date":"2026-04-17T07:44:02","date_gmt":"2026-04-17T10:44:02","guid":{"rendered":"https:\/\/radiocidadefmonline.com.br\/home\/por-dentro-da-exposicao-the-music-is-black-a-british-story-do-va-east\/"},"modified":"2026-04-17T08:26:26","modified_gmt":"2026-04-17T11:26:26","slug":"por-dentro-da-exposicao-the-music-is-black-a-british-story-do-va-east","status":"publish","type":"post","link":"https:\/\/radiocidadefmonline.com.br\/home\/por-dentro-da-exposicao-the-music-is-black-a-british-story-do-va-east\/","title":{"rendered":"Por dentro da exposi\u00e7\u00e3o &#8216;The Music is Black: A British Story&#8217; do V&#038;A East"},"content":{"rendered":"<p><\/p>\n<div>\n<p class=\"paragraph larva \/\/ lrv-u-margin-lr-auto  lrv-a-font-body-m   \">\n<p>\tNas profundezas do confinamento, quando Jacqueline Springer leu o an\u00fancio do Victoria &#038; Albert Museum para o papel de Curadora \u00c1frica e Di\u00e1spora: Performance, pareceu-lhe um \u201ccoro de realiza\u00e7\u00e3o\u201d. Para a criativa criada em Londres, cuja ilustre carreira abrange jornalismo musical e radiodifus\u00e3o, palestras, programa\u00e7\u00e3o e coordena\u00e7\u00e3o de eventos, o papel parecia um raro alinhamento de seu estudo acad\u00eamico e pr\u00e1tica curatorial, reunindo essas vertentes em um \u00fanico espa\u00e7o.<\/p>\n<div class=\"article-related-artists \/\/ lrv-u-margin-tb-1 lrv-u-flex u-flex-direction-column@desktop-xl u-flex-direction-column@desktop-xl-max lrv-u-align-items-center lrv-u-margin-l-00@desktop-xl a-glue@desktop-xl lrv-a-glue--t-0 lrv-a-glue--l-0 u-margin-t-29px@desktop u-margin-t-250@mobile-max u-margin-lr-auto@desktop-xl-max u-max-width-400@desktop-xl-max u-width-100p@mobile-max u-max-width-80@desktop-xl\">\n<h3 id=\"title-of-a-story\" class=\"c-title  lrv-u-color-white a-font-primary-fancy-m lrv-u-text-transform-uppercase lrv-u-text-align-center a-article-related-module-title lrv-u-padding-tb-050\">\n<p>\t\t\t\t\tExplorar\t\t<\/p>\n<\/h3>\n<p class=\"c-tagline  a-font-secondary-fancy-xxxs@desktop-xl a-font-secondary-fancy-s@desktop-xl-max lrv-u-text-transform-uppercase lrv-u-color-black u-padding-t-13 lrv-u-padding-b-2 lrv-u-margin-tb-00 lrv-u-text-align-center lrv-u-border-t-1 lrv-u-border-color-black lrv-u-width-100p\">Veja os v\u00eddeos, gr\u00e1ficos e not\u00edcias mais recentes<\/p>\n<\/p><\/div>\n<p class=\"paragraph larva \/\/ lrv-u-margin-lr-auto  lrv-a-font-body-m   \">\n<p>\tFalando com <em><a rel=\"nofollow\" target=\"_blank\" href=\"https:\/\/uk.billboard.com\">Painel publicit\u00e1rio do Reino Unido<\/a> <\/em>por videochamada, Springer lembra de ter passado \u201cmais de quinze dias\u201d no aplicativo enquanto revisitava as li\u00e7\u00f5es que aprendeu em mais de uma d\u00e9cada ensinando sobre representa\u00e7\u00e3o e teorias sociol\u00f3gicas com m\u00eddia musical. Ao candidato selecionado seria dado espa\u00e7o para repensar a forma como as narrativas em torno de \u00c1frica e da sua di\u00e1spora s\u00e3o recolhidas, interpretadas e encenadas numa das institui\u00e7\u00f5es culturais mais influentes do mundo. Energizada pelas possibilidades que isso acarretaria, Springer sabia que precisava arriscar.<\/p>\n<p class=\"paragraph larva \/\/ lrv-u-margin-lr-auto  lrv-a-font-body-m   \">\n<p>\tCinco anos depois, falamos poucas semanas antes da abertura do <em>A m\u00fasica \u00e9 negra: uma hist\u00f3ria brit\u00e2nica<\/em>a exposi\u00e7\u00e3o inaugural do V&#038;A East \u2013 o novo local do Museu V&#038;A em Stratford, leste de Londres, uma \u00e1rea considerada o ber\u00e7o do grime. Ao iniciar o seu papel no V&#038;A, Springer foi fundamental para o desenvolvimento desta nova exposi\u00e7\u00e3o envolvente, que enquadra a m\u00fasica negra brit\u00e2nica como uma for\u00e7a central na forma\u00e7\u00e3o da identidade cultural mais ampla do Reino Unido.<\/p>\n<p class=\"paragraph larva \/\/ lrv-u-margin-lr-auto  lrv-a-font-body-m   \">\n<p>\t\u201cAlgumas pessoas podem pensar que esta exposi\u00e7\u00e3o \u00e9 apenas sobre a hist\u00f3ria da m\u00fasica negra brit\u00e2nica, o que n\u00e3o \u00e9\u201d, explica ela. \u201cA mente deles pode ir direto para meados da d\u00e9cada de 1970 ou, se eles gostam de selva e drum &#8216;n&#8217; bass, para meados dos anos 2000. Mas voc\u00ea tem que viajar pelas hist\u00f3rias anteriores para chegar l\u00e1, que s\u00e3o complexas. Elas se sobrep\u00f5em. Elas mostram desumanidade; elas mostram inventividade. Voc\u00ea tem que desmontar tudo para transmitir essa mensagem.\u201d<\/p>\n<p class=\"paragraph larva \/\/ lrv-u-margin-lr-auto  lrv-a-font-body-m   \">\n<p>\tAbrangendo 125 anos de hist\u00f3ria, <em>A m\u00fasica \u00e9 negra: uma hist\u00f3ria brit\u00e2nica <\/em>mapeia o impacto do colonialismo brit\u00e2nico e como a migra\u00e7\u00e3o influenciou a riqueza intercultural da m\u00fasica moderna. Abriga mais de 220 objetos, baseados em fotografias, pinturas, gravuras, trajes de palco e muito mais, homenageando pioneiros como Janet Kay, Dame Shirley Bassey e Steel Pulse ao lado de vozes contempor\u00e2neas como <a rel=\"nofollow\" target=\"_blank\" href=\"https:\/\/billboard.com\/artist\/little-simz\">Pequeno Simz<\/a> e <a rel=\"nofollow\" target=\"_blank\" href=\"https:\/\/billboard.com\/artist\/sampha\">Sampha<\/a>. Ele tamb\u00e9m examina como os sons e estilos forjados na m\u00fasica negra brit\u00e2nica foram reinterpretados por bandas como The Rolling Stones e The Beatles, passando por g\u00eaneros que v\u00e3o do reggae e amantes do rock ao blues e Afrobeats.<\/p>\n<p class=\"paragraph larva \/\/ lrv-u-margin-lr-auto  lrv-a-font-body-m   \">\n<p>\tAo reenquadrar essa hist\u00f3ria nesta escala, a exposi\u00e7\u00e3o procura redefinir onde come\u00e7a esse legado musical e a quem pertence. Springer descreve como passou anos viajando por todo o pa\u00eds para reunir sua pesquisa, que incluiu discuss\u00f5es com a fam\u00edlia do falecido Charlie Watts \u2013 o baterista dos Rolling Stones era um f\u00e3 declarado de jazz e colecionador de discos \u2013 e uma viagem a Birmingham para examinar o papel hist\u00f3rico do Gun Quarter no com\u00e9rcio de armas e suas liga\u00e7\u00f5es com o com\u00e9rcio transatl\u00e2ntico de escravos.<\/p>\n<p class=\"paragraph larva \/\/ lrv-u-margin-lr-auto  lrv-a-font-body-m   \">\n<p>\tCom a aproxima\u00e7\u00e3o da inaugura\u00e7\u00e3o, Springer discute seu processo de pesquisa para a exposi\u00e7\u00e3o, como a ind\u00fastria respondeu e o que significa envolver novos p\u00fablicos com o trabalho de uma institui\u00e7\u00e3o t\u00e3o ic\u00f4nica como o V&#038;A.<\/p>\n<p class=\"paragraph larva \/\/ lrv-u-margin-lr-auto  lrv-a-font-body-m   \">\n\t<strong>Quando voc\u00ea come\u00e7ou a trabalhar neste projeto, h\u00e1 alguns anos, como voc\u00ea imaginou a apar\u00eancia da exposi\u00e7\u00e3o? E como isso mudou ao longo do tempo?<\/strong><\/p>\n<p class=\"paragraph larva \/\/ lrv-u-margin-lr-auto  lrv-a-font-body-m   \">\n<p>\tMudou ao longo do tempo, mas os \u201ctrilhos\u201d sempre foram bastante fixos. Come\u00e7amos em 1900, quando a era da inven\u00e7\u00e3o, que realmente revigorou o s\u00e9culo anterior, come\u00e7a a mudar em vez de parar. Passa para os meios de comunica\u00e7\u00e3o de massa: a imprensa permanece dominante, depois chega o r\u00e1dio e depois a televis\u00e3o. O cinema se torna uma forma popular, mas tamb\u00e9m \u00e9 utilizado pelas not\u00edcias, principalmente durante as guerras mundiais, e essa intersec\u00e7\u00e3o sempre me interessou.<\/p>\n<p class=\"paragraph larva \/\/ lrv-u-margin-lr-auto  lrv-a-font-body-m   \">\n<p>\tO meu trabalho no meio acad\u00e9mico, ao longo de dez anos em Syracuse, Westminster e Fordham, tem sido consistentemente sobre os meios de comunica\u00e7\u00e3o: como tratam as pessoas, o que comunicam e como a representa\u00e7\u00e3o \u00e9 constru\u00edda. Como voc\u00ea retrata algu\u00e9m que \u00e9 do norte, ou gay, ou pobre? Estes blocos de constru\u00e7\u00e3o prov\u00eam de hist\u00f3rias pr\u00e9-existentes, moldadas pela riqueza de um pa\u00eds, pelo seu sentido de si pr\u00f3prio e pela forma como \u00e9 visto pelos outros. Isso ent\u00e3o se infiltra na sociedade \u2013 como as pessoas s\u00e3o classificadas, como classificam os outros \u2013 e como essas opini\u00f5es s\u00e3o refor\u00e7adas e exploradas atrav\u00e9s da imprensa, do cinema, da r\u00e1dio e da radiodifus\u00e3o.<\/p>\n<p class=\"paragraph larva \/\/ lrv-u-margin-lr-auto  lrv-a-font-body-m   \">\n<p>\tEsse pensamento alimenta diretamente a exposi\u00e7\u00e3o. \u00c9 sobre como vemos outras culturas, l\u00ednguas e formas musicais. O jazz, por exemplo, foi inicialmente considerado pouco s\u00e9rio ou perturbador; o blues era visto como algo menor; O evangelho emerge de uma B\u00edblia imposta \u00e0s pessoas escravizadas. Estes julgamentos est\u00e3o ligados \u00e0 ra\u00e7a, classe e poder, e \u00e0 forma como a cultura \u201caceit\u00e1vel\u201d \u00e9 definida.<\/p>\n<p class=\"paragraph larva \/\/ lrv-u-margin-lr-auto  lrv-a-font-body-m   \">\n<p>\tPortanto, o processo consistiu em organizar tudo \u2013 tornar diger\u00edvel uma ideia grande e complexa. Passou de algo bastante ousado e conceitual para algo que as pessoas podem realmente percorrer, ouvir e compreender. \u00c0 medida que o p\u00fablico se envolve com ele \u2013 atrav\u00e9s da m\u00fasica e de outros sentidos \u2013 torna-se uma forma de aprofundar a sua compreens\u00e3o da musicalidade e da di\u00e1spora africana. E isso acontece por meio da colabora\u00e7\u00e3o, tanto dentro do V&#038;A quanto com parceiros externos.<\/p>\n<div class=\"post-content-image \/\/  \">\n<figure class=\"o-figure   size-large alignnone lrv-u-max-width-100p\" style=\"width:100%; max-width:1024px;\">\n<div class=\"c-lazy-image   lrv-u-margin-t-125 u-padding-b-10 u-margin-t-26@mobile-max lrv-u-display-inline-block lrv-u-width-100p\">\n<div class=\"lrv-a-crop-16x9\" style=\"padding-bottom:calc((712\/1024)*100%);\"><\/div>\n<\/p><\/div><figcaption class=\"c-figcaption  lrv-u-flex lrv-u-flex-direction-column a-font-accent-xs lrv-u-color-black u-margin-t-n4px lrv-u-padding-lr-00@mobile-max lrv-u-padding-b-1 u-font-size-11 u-line-height-19px u-word-spacing-n0156px u-letter-spacing-0026 u-padding-b-0625@mobile-max\">\n<p>\t\t\t\t\t\t\t\t\t<cite class=\"u-letter-spacing-0094 lrv-u-text-transform-uppercase lrv-u-font-size-10 u-margin-t-2px\">Adrian Bota<\/cite><\/p>\n<\/figcaption><\/figure>\n<\/div>\n<p class=\"paragraph larva \/\/ lrv-u-margin-lr-auto  lrv-a-font-body-m   \">\n\t<strong>At\u00e9 que ponto esta exposi\u00e7\u00e3o \u00e9 moldada pela confian\u00e7a e pelos seus relacionamentos, em oposi\u00e7\u00e3o \u00e0 investiga\u00e7\u00e3o formal?<\/strong><\/p>\n<p class=\"paragraph larva \/\/ lrv-u-margin-lr-auto  lrv-a-font-body-m   \">\n<p>\tAo conseguir o cargo, voc\u00ea ter\u00e1 a incumb\u00eancia de saber o que est\u00e1 fazendo, e uma entrevista exige que haja um teste, em muitos aspectos, para ver se voc\u00ea \u00e9 o melhor para o trabalho. Tenho experi\u00eancia em jornalismo impresso, musical, jornalismo de radiodifus\u00e3o, mas tamb\u00e9m leciono para estudantes universit\u00e1rios e tamb\u00e9m fa\u00e7o curadoria de eventos de forma independente. Ent\u00e3o eu j\u00e1 falei com pessoas \u2013 pessoas que se interessam pelo tema, mas n\u00e3o necessariamente pela forma como ele \u00e9 apresentado, at\u00e9 verem elementos que possam entender.<\/p>\n<p class=\"paragraph larva \/\/ lrv-u-margin-lr-auto  lrv-a-font-body-m   \">\n<p>\tE esse \u00e9 definitivamente o caso dos estudantes. Sabe, eu dava aulas de tr\u00eas horas seguidas, ent\u00e3o sempre ativava ou intercalava minhas palestras com conte\u00fados, evid\u00eancias emp\u00edricas que eles pudessem ver. Se estamos falando das Guerras Mundiais, eles tinham papel de jornal que podiam realmente ver como o inimigo era produzido e representado.<\/p>\n<p class=\"paragraph larva \/\/ lrv-u-margin-lr-auto  lrv-a-font-body-m   \">\n<p>\tEm rela\u00e7\u00e3o \u00e0 pesquisa que eu iria realizar para a exposi\u00e7\u00e3o, a mesma abordagem se aplica: garantir que o que apresento seja fundamentado, vis\u00edvel e algo com que as pessoas possam se envolver e compreender.<\/p>\n<p class=\"paragraph larva \/\/ lrv-u-margin-lr-auto  lrv-a-font-body-m   \">\n\t<strong>Como voc\u00ea apresenta cenas underground que podem ter sido preservadas atrav\u00e9s da mem\u00f3ria comunit\u00e1ria e n\u00e3o na arte ou na escrita?<\/strong><\/p>\n<p class=\"paragraph larva \/\/ lrv-u-margin-lr-auto  lrv-a-font-body-m   \">\n<p>\tDevo dizer que voc\u00ea est\u00e1 errado. As pessoas guardam as coisas. Eu s\u00f3 acho que a popula\u00e7\u00e3o de artistas e o fandom (de certas cenas) simplesmente n\u00e3o foram abordados para realmente dizer: \u201cPodemos compartilhar isso?\u201d Voc\u00ea sabe, agora temos o Museu da Cultura Juvenil (em Londres), e temos jovens jogando seu material neles. Mas voc\u00ea tamb\u00e9m tem algumas pessoas que s\u00e3o institucionalmente avessas e podem dizer: \u201cComo voc\u00ea vai cuidar das minhas coisas?\u201d E tamb\u00e9m a grande maioria dos artistas abordados nunca pensou que o V&#038;A iria convid\u00e1-los. <\/p>\n<p class=\"paragraph larva \/\/ lrv-u-margin-lr-auto  lrv-a-font-body-m   \">\n<p>\tOs artistas ret\u00eam suas pr\u00f3prias experi\u00eancias e muitos deles ret\u00eam muitas de suas coisas ef\u00eameras pessoais. (Este processo) consistia em adaptar essas coisas ef\u00eameras de uma forma que parecesse elegante. Em vez de pedir objetos espec\u00edficos, pedi aos artistas que considerassem (suas jornadas) e depois voltei a eles. Minha abordagem foi perguntar-lhes se conseguiam identificar um item que realmente testemunhasse sua capacidade de fazer m\u00fasica. Portanto, n\u00e3o \u00e9 necessariamente um instrumento, pode ser qualquer coisa \u2013 e ent\u00e3o a explica\u00e7\u00e3o deles me ajudaria a descobrir onde esse item se conectaria com outro. <\/p>\n<p class=\"paragraph larva \/\/ lrv-u-margin-lr-auto  lrv-a-font-body-m   \">\n<p>\tUma das coisas que me surpreendeu foi que a grande maioria dos artistas, quando lhes fiz essa pergunta, disseram: \u201cTenho alguns discos de vendas\u201d \u2013 isso \u00e9 um c\u00e1lculo institucional do seu valor comercial, \u00e9 uma resposta \u00e0 arte que voc\u00ea faz. Temos o livro de acordes manuscrito de Joan Armatrading. Temos uma partitura escrita \u00e0 m\u00e3o por um cantor de \u00f3pera chamado Peter Brockway, \u00e9 um material lindo. Temos os \u00f3culos do (cantor) Junior Giscombe; ele foi encorajado a tir\u00e1-los para poder quebrar a Am\u00e9rica. Voc\u00ea tem alguns desses grandes momentos, mas tamb\u00e9m tem esses momentos lindos que mostram como as pessoas realmente trabalham e se mobilizam juntas.<\/p>\n<div class=\"post-content-image \/\/  \">\n<figure class=\"o-figure   size-large alignnone lrv-u-max-width-100p\" style=\"width:100%; max-width:683px;\">\n<div class=\"c-lazy-image   lrv-u-margin-t-125 u-padding-b-10 u-margin-t-26@mobile-max lrv-u-display-inline-block lrv-u-width-100p\">\n<div class=\"lrv-a-crop-16x9\" style=\"padding-bottom:calc((1024\/683)*100%);\">\n<p>\t\t\t\t\t\t<img fetchpriority=\"high\" class=\"c-lazy-image__img lrv-u-background-color-grey-lightest lrv-u-width-100p lrv-u-display-block lrv-u-height-auto\" src=\"https:\/\/www.billboard.com\/wp-content\/themes\/vip\/pmc-billboard-2021\/assets\/public\/lazyload-fallback.gif\" data-lazy-src=\"https:\/\/www.billboard.com\/wp-content\/uploads\/2026\/04\/Skunk-Anansie-2026-press-cr-Daniel-Pollitt-billboard-1800.jpg?w=200\" alt=\"Gamb\u00e1 Anansie\" data-lazy-srcset=\"https:\/\/www.billboard.com\/wp-content\/uploads\/2026\/04\/Skunk-Anansie-2026-press-cr-Daniel-Pollitt-billboard-1800.jpg 1200w, https:\/\/www.billboard.com\/wp-content\/uploads\/2026\/04\/Skunk-Anansie-2026-press-cr-Daniel-Pollitt-billboard-1800.jpg?resize=200,300 200w\" data-lazy-sizes=\"(min-width: 87.5rem) 1000px, (min-width: 78.75rem) 681px, (min-width: 48rem) 450px, (max-width: 48rem) 100vw\" height=\"1024\" width=\"683\" decoding=\"async\"\/><\/p><\/div>\n<\/p><\/div><figcaption class=\"c-figcaption  lrv-u-flex lrv-u-flex-direction-column a-font-accent-xs lrv-u-color-black u-margin-t-n4px lrv-u-padding-lr-00@mobile-max lrv-u-padding-b-1 u-font-size-11 u-line-height-19px u-word-spacing-n0156px u-letter-spacing-0026 u-padding-b-0625@mobile-max\">\n<p>\t\t\t\t\t\t\t\t\t<cite class=\"u-letter-spacing-0094 lrv-u-text-transform-uppercase lrv-u-font-size-10 u-margin-t-2px\">Daniel Pollitt<\/cite><\/p>\n<\/figcaption><\/figure>\n<\/div>\n<p class=\"paragraph larva \/\/ lrv-u-margin-lr-auto  lrv-a-font-body-m   \">\n\t<strong>O que foi necess\u00e1rio para construir e aprofundar a confian\u00e7a dos potenciais doadores que inicialmente eram \u201cinstitucionalmente avessos\u201d?<\/strong><\/p>\n<p class=\"paragraph larva \/\/ lrv-u-margin-lr-auto  lrv-a-font-body-m   \">\n<p>\tEm primeiro lugar, direi que os m\u00fasicos guardam segredos; Eu confiaria um segredo a eles ainda mais do que a alguns de meus bons amigos! (Ao falar com artistas), gostaria de reafirmar a reputa\u00e7\u00e3o do V&#038;A e depois dizer-lhes o quanto esta exposi\u00e7\u00e3o \u00e9 preciosa para mim. Quer dizer, o V&#038;A fez recentemente uma exposi\u00e7\u00e3o sobre ovos Faberg\u00e9 (<em>Faberg\u00e9 em Londres: Romance \u00e0 Revolu\u00e7\u00e3o, 2022<\/em>) \u2013 eles s\u00e3o t\u00e3o caros! Havia seguran\u00e7as presentes ao lado dos objetos, n\u00e3o apenas na sala.<\/p>\n<p class=\"paragraph larva \/\/ lrv-u-margin-lr-auto  lrv-a-font-body-m   \">\n<p>\tMas seja um ovo Faberg\u00e9 ou as roupas de palco da (artista de rock Lovers) Janet Kay, elas s\u00e3o classificadas como objetos de museu. N\u00e3o os vemos apenas como um vestido ou um disco, eles s\u00e3o cobertos pelo seguro de responsabilidade civil do governo; s\u00e3o objetos preciosos e nos permitem contar uma hist\u00f3ria ao p\u00fablico. Contratos formais de empr\u00e9stimo s\u00e3o assinados e h\u00e1 um processo robusto para isso.<\/p>\n<p class=\"paragraph larva \/\/ lrv-u-margin-lr-auto  lrv-a-font-body-m   \">\n\t<strong>Houve conversas com artistas que mudaram sua compreens\u00e3o do trabalho deles?<\/strong><\/p>\n<p class=\"paragraph larva \/\/ lrv-u-margin-lr-auto  lrv-a-font-body-m   \">\n<p>\tAcho que JME \u00e9 uma tempestade silenciosa. Voc\u00ea sabe, ele \u00e9 frequentemente chamado de \u201cirm\u00e3o de Skepta\u201d ou cofundador da Boy Better Know, mas ele conhece seu pr\u00f3prio valor. Eu o conheci em um evento atrav\u00e9s do meu melhor amigo, que trabalha na ITV e l\u00ea not\u00edcias. Ent\u00e3o eu disse: &#8220;JME est\u00e1 ali, parece que ele n\u00e3o quer ser incomodado. Voc\u00ea pode levar seu rosto famoso at\u00e9 l\u00e1 para tranquiliz\u00e1-lo?&#8221;<\/p>\n<p class=\"paragraph larva \/\/ lrv-u-margin-lr-auto  lrv-a-font-body-m   \">\n<p>\tIsso o aqueceu um pouco; ele \u00e9 um participante relutante quando se trata de ser uma celebridade, mas trabalhamos para baixar a guarda. Contei a ele sobre a exposi\u00e7\u00e3o e ele disse: &#8220;Bem, voc\u00ea pode ter um Super Nintendo. Eu costumava fazer m\u00fasica nele; \u00e9 assim que voc\u00ea faz batidas se n\u00e3o tem dinheiro, mas tem uma mente inventiva&#8221;. Quando voc\u00ea olha para tr\u00e1s ao longo da exposi\u00e7\u00e3o \u2013 desde a cria\u00e7\u00e3o do cilindro de cera at\u00e9 PinkPantheress decidir atrav\u00e9s do TikTok que iria fazer m\u00fasicas curtas \u2013 voc\u00ea pensa na inventividade das pessoas e em quanto dela nasceu atrav\u00e9s da socioeconomia. <\/p>\n<p class=\"paragraph larva \/\/ lrv-u-margin-lr-auto  lrv-a-font-body-m   \">\n<p>\tA r\u00e1dio pirata nasceu do desejo de autonomia musical. A emissora nacional diz: \u201cN\u00e3o tocamos jazz\u201d no in\u00edcio da d\u00e9cada de 1920; \u201cN\u00e3o tocamos rock &#8216;n&#8217; roll\u201d no in\u00edcio dos anos 1950. Ent\u00e3o voc\u00ea ouve r\u00e1dio pirata e, na d\u00e9cada de 1970, (Dread Broadcasting Corporation) DBC e outros come\u00e7am a transmitir ilegalmente, porque a m\u00fasica ainda est\u00e1 l\u00e1. Ent\u00e3o voc\u00ea constantemente encontra nesta exposi\u00e7\u00e3o o caminho atrav\u00e9s do qual os negros t\u00eam insistido em ter seus direitos.<\/p>\n<p class=\"paragraph larva \/\/ lrv-u-margin-lr-auto  lrv-a-font-body-m   \">\n\t<strong>Como voc\u00ea acha que a exposi\u00e7\u00e3o estabelecer\u00e1 um precedente para o que o V&#038;A East representa no futuro?<\/strong><\/p>\n<p class=\"paragraph larva \/\/ lrv-u-margin-lr-auto  lrv-a-font-body-m   \">\n<p>\tEsta \u00e9 uma exposi\u00e7\u00e3o marcante devido \u00e0 sua amplitude. Mas tem de atrair um p\u00fablico mais jovem, muitos dos quais sentem que, a menos que frequentem a escola, n\u00e3o v\u00e3o aos museus. Eles v\u00eaem os museus como um lugar onde s\u00e3o for\u00e7ados a fazer uma viagem de um dia, quando provavelmente querem ir para outro lugar \u2013 todos n\u00f3s j\u00e1 passamos por isso, onde a estrutura de uma viagem escolar pode tirar o prazer das coisas e torn\u00e1-las uma tarefa \u00e1rdua. <\/p>\n<p class=\"paragraph larva \/\/ lrv-u-margin-lr-auto  lrv-a-font-body-m   \">\n<p>\tConversar com os jovens e mostrar-lhes como a auto-express\u00e3o \u00e9 uma extens\u00e3o da sua identidade, que \u00e9 tal como as palavras que escreve no seu telefone, \u00e9 importante; sua voca\u00e7\u00e3o criativa pode ser sua alegria absoluta. Voc\u00ea tem que abrir a porta e dizer a eles: \u201cEste museu \u00e9 seu para sempre\u201d. A exposi\u00e7\u00e3o enquadra-se nisso, porque a m\u00fasica \u00e9 isso \u2013 \u00e9 arte e \u00e9 para sempre. <\/p>\n<p class=\"paragraph larva \/\/ lrv-u-margin-lr-auto  lrv-a-font-body-m   \">\n<p>\tEm muitos aspectos, a exposi\u00e7\u00e3o complementa as ambi\u00e7\u00f5es globais deste museu. Ela se tornar\u00e1 uma linda lembran\u00e7a depois de nove meses, mas espero que, como uma boa palestra na universidade ou na escola, ela viva com voc\u00ea como uma pequena pepita de inspira\u00e7\u00e3o.<\/p>\n<p class=\"paragraph larva \/\/ lrv-u-margin-lr-auto  lrv-a-font-body-m   \">\n\t<strong>Al\u00e9m do n\u00famero de visitantes ou da cobertura positiva da imprensa, como seria o sucesso desta exposi\u00e7\u00e3o? <\/strong><\/p>\n<p class=\"paragraph larva \/\/ lrv-u-margin-lr-auto  lrv-a-font-body-m   \">\n<p>\tS\u00f3 quero que as pessoas saiam da exposi\u00e7\u00e3o, se poss\u00edvel, pensando com admira\u00e7\u00e3o. Pessoas que fazem m\u00fasica caminham entre voc\u00eas; voc\u00ea pode estar sentado ao lado deles no \u00f4nibus, eles podem estar sentados \u00e0 sua frente no trem. Pense em como \u00e9 incr\u00edvel viver sob o mesmo c\u00e9u de algu\u00e9m que faz m\u00fasica que faz voc\u00ea se sentir melhor consigo mesmo.<\/p>\n<p><a rel=\"nofollow\" target=\"_blank\" href=\"https:\/\/ubpass.co\/billboard\" target=\"_blank\" rel=\"noopener noreferrer nofollow\"><br \/><img decoding=\"async\" style=\"max-width: 100%;height: auto\" src=\"https:\/\/i.imgur.com\/2HpFicp.png\" alt=\"Passe VIP para outdoor\"\/><br \/><\/a><\/p>\n<\/div>\n<p><\/a><\/p>\n","protected":false},"excerpt":{"rendered":"<p>Nas profundezas do confinamento, quando Jacqueline Springer leu o an\u00fancio do Victoria &#038; Albert Museum para o papel de Curadora \u00c1frica e Di\u00e1spora: Performance, pareceu-lhe um \u201ccoro de realiza\u00e7\u00e3o\u201d. Para a criativa criada em Londres, cuja ilustre carreira abrange jornalismo musical e radiodifus\u00e3o, palestras, programa\u00e7\u00e3o e coordena\u00e7\u00e3o de eventos, o papel parecia um raro alinhamento [&hellip;]<\/p>\n","protected":false},"author":5,"featured_media":4256,"comment_status":"open","ping_status":"open","sticky":false,"template":"","format":"standard","meta":{"footnotes":""},"categories":[5],"tags":[],"class_list":["post-4255","post","type-post","status-publish","format-standard","has-post-thumbnail","hentry","category-billboard-news"],"_links":{"self":[{"href":"https:\/\/radiocidadefmonline.com.br\/home\/wp-json\/wp\/v2\/posts\/4255","targetHints":{"allow":["GET"]}}],"collection":[{"href":"https:\/\/radiocidadefmonline.com.br\/home\/wp-json\/wp\/v2\/posts"}],"about":[{"href":"https:\/\/radiocidadefmonline.com.br\/home\/wp-json\/wp\/v2\/types\/post"}],"author":[{"embeddable":true,"href":"https:\/\/radiocidadefmonline.com.br\/home\/wp-json\/wp\/v2\/users\/5"}],"replies":[{"embeddable":true,"href":"https:\/\/radiocidadefmonline.com.br\/home\/wp-json\/wp\/v2\/comments?post=4255"}],"version-history":[{"count":1,"href":"https:\/\/radiocidadefmonline.com.br\/home\/wp-json\/wp\/v2\/posts\/4255\/revisions"}],"predecessor-version":[{"id":4257,"href":"https:\/\/radiocidadefmonline.com.br\/home\/wp-json\/wp\/v2\/posts\/4255\/revisions\/4257"}],"wp:featuredmedia":[{"embeddable":true,"href":"https:\/\/radiocidadefmonline.com.br\/home\/wp-json\/wp\/v2\/media\/4256"}],"wp:attachment":[{"href":"https:\/\/radiocidadefmonline.com.br\/home\/wp-json\/wp\/v2\/media?parent=4255"}],"wp:term":[{"taxonomy":"category","embeddable":true,"href":"https:\/\/radiocidadefmonline.com.br\/home\/wp-json\/wp\/v2\/categories?post=4255"},{"taxonomy":"post_tag","embeddable":true,"href":"https:\/\/radiocidadefmonline.com.br\/home\/wp-json\/wp\/v2\/tags?post=4255"}],"curies":[{"name":"wp","href":"https:\/\/api.w.org\/{rel}","templated":true}]}}