{"id":4243,"date":"2026-04-14T00:27:17","date_gmt":"2026-04-14T03:27:17","guid":{"rendered":"https:\/\/radiocidadefmonline.com.br\/home\/wu-tang-clan-sera-incluido-no-hall-da-fama-do-rock-roll\/"},"modified":"2026-04-14T00:39:14","modified_gmt":"2026-04-14T03:39:14","slug":"wu-tang-clan-sera-incluido-no-hall-da-fama-do-rock-roll","status":"publish","type":"post","link":"https:\/\/radiocidadefmonline.com.br\/home\/wu-tang-clan-sera-incluido-no-hall-da-fama-do-rock-roll\/","title":{"rendered":"Wu-Tang Clan ser\u00e1 inclu\u00eddo no Hall da Fama do Rock &#038; Roll"},"content":{"rendered":"<p><\/p>\n<div>\n<p>O Wu-Tang Clan garantiu seu lugar na hist\u00f3ria com uma introdu\u00e7\u00e3o oficial na classe Rock and Roll Hall of Fame de 2026. O t\u00e3o esperado reconhecimento do coletivo de Staten Island sinaliza uma mudan\u00e7a cont\u00ednua em dire\u00e7\u00e3o \u00e0 honra do dom\u00ednio cultural do hip-hop.<\/p>\n<figure class=\"wp-block-embed is-type-rich is-provider-instagram wp-block-embed-instagram\"\/>\n<p>Durante d\u00e9cadas, o Wu-Tang Clan se manteve como um dos grupos mais influentes do rap. Seu lirismo bruto, narrativas de rua e vis\u00e3o de neg\u00f3cios remodelaram a paisagem do g\u00eanero. Desde a sua era de estreia at\u00e9 \u00e0s suas expans\u00f5es a solo, o grupo construiu um legado que se estende al\u00e9m da m\u00fasica, abrangendo a moda, o cinema e a marca global.<\/p>\n<p>A introdu\u00e7\u00e3o deles chega no momento em que o Hall expande seu escopo para refletir a marca duradoura do hip-hop. Antes esquecido pelas institui\u00e7\u00f5es tradicionais, o rap agora ocupa espa\u00e7o nas mais altas honras da m\u00fasica. A inclus\u00e3o do Wu-Tang sublinha essa evolu\u00e7\u00e3o e afirma o seu papel como arquitetos da cultura hip-hop moderna.<\/p>\n<aside class=\"wp-block-group wp-block-mediaco-read-next is-layout-flow wp-block-group-is-layout-flow\">\n<\/aside>\n<h2 class=\"wp-block-heading\" id=\"h-hip-hop-group-wu-tang-clan-makes-it-into-the-2026-rock-amp-roll-hall-of-fame\">Grupo de hip-hop Wu-Tang Clan chega ao Hall da Fama do Rock &#038; Roll de 2026<\/h2>\n<p>Embora o an\u00fancio do Hall da Fama n\u00e3o inclua cita\u00e7\u00f5es diretas do grupo, suas d\u00e9cadas de m\u00fasica falam com autoridade. O esp\u00edrito do Cl\u00e3, muitas vezes capturado na sua frase ic\u00f3nica \u201cWu-Tang \u00e9 para as crian\u00e7as\u201d, reflecte uma miss\u00e3o enraizada na capacita\u00e7\u00e3o, conhecimento e influ\u00eancia comunit\u00e1ria.<\/p>\n<p>O cat\u00e1logo do grupo continua sendo uma escuta essencial, moldando gera\u00e7\u00f5es de artistas e f\u00e3s. Seu estilo de produ\u00e7\u00e3o corajoso e lirismo afiado estabelecem um padr\u00e3o que continua a inspirar novas vozes. Como resultado, seu momento no Hall da Fama parece atrasado e inevit\u00e1vel.<\/p>\n<aside class=\"wp-block-group wp-block-mediaco-read-next is-layout-flow wp-block-group-is-layout-flow\">\n<\/aside>\n<figure class=\"wp-block-embed is-type-video is-provider-youtube wp-block-embed-youtube wp-embed-aspect-16-9 wp-has-aspect-ratio\">\n<p>\n<iframe title=\"Mornings With Mero | HOT 97 Livestream 4-13-26\" width=\"800\" height=\"450\" src=\"https:\/\/www.youtube.com\/embed\/tIkeGKNO8sI?feature=oembed\" frameborder=\"0\" allow=\"accelerometer; autoplay; clipboard-write; encrypted-media; gyroscope; picture-in-picture; web-share\" referrerpolicy=\"strict-origin-when-cross-origin\" allowfullscreen><\/iframe>\n<\/p>\n<\/figure>\n<p>A cerim\u00f4nia de posse de 2026 est\u00e1 marcada para 14 de novembro no Peacock Theatre, em Los Angeles. Posteriormente, ir\u00e1 ao ar na ABC e ser\u00e1 transmitido via Disney +.<\/p>\n<p>A introdu\u00e7\u00e3o do Wu-Tang Clan consolida seu legado dentro do c\u00e2none musical mais amplo. Mais importante ainda, refor\u00e7a a influ\u00eancia duradoura do hip-hop na cultura global.<\/p>\n<aside class=\"wp-block-group wp-block-mediaco-read-next is-layout-flow wp-block-group-is-layout-flow\">\n<\/aside>\n<\/div>\n<p><\/a><\/p>\n","protected":false},"excerpt":{"rendered":"<p>O Wu-Tang Clan garantiu seu lugar na hist\u00f3ria com uma introdu\u00e7\u00e3o oficial na classe Rock and Roll Hall of Fame de 2026. O t\u00e3o esperado reconhecimento do coletivo de Staten Island sinaliza uma mudan\u00e7a cont\u00ednua em dire\u00e7\u00e3o \u00e0 honra do dom\u00ednio cultural do hip-hop. Durante d\u00e9cadas, o Wu-Tang Clan se manteve como um dos grupos [&hellip;]<\/p>\n","protected":false},"author":7,"featured_media":4244,"comment_status":"open","ping_status":"open","sticky":false,"template":"","format":"standard","meta":{"footnotes":""},"categories":[6],"tags":[],"class_list":["post-4243","post","type-post","status-publish","format-standard","has-post-thumbnail","hentry","category-noticias-da-hot97-fm"],"_links":{"self":[{"href":"https:\/\/radiocidadefmonline.com.br\/home\/wp-json\/wp\/v2\/posts\/4243","targetHints":{"allow":["GET"]}}],"collection":[{"href":"https:\/\/radiocidadefmonline.com.br\/home\/wp-json\/wp\/v2\/posts"}],"about":[{"href":"https:\/\/radiocidadefmonline.com.br\/home\/wp-json\/wp\/v2\/types\/post"}],"author":[{"embeddable":true,"href":"https:\/\/radiocidadefmonline.com.br\/home\/wp-json\/wp\/v2\/users\/7"}],"replies":[{"embeddable":true,"href":"https:\/\/radiocidadefmonline.com.br\/home\/wp-json\/wp\/v2\/comments?post=4243"}],"version-history":[{"count":1,"href":"https:\/\/radiocidadefmonline.com.br\/home\/wp-json\/wp\/v2\/posts\/4243\/revisions"}],"predecessor-version":[{"id":4245,"href":"https:\/\/radiocidadefmonline.com.br\/home\/wp-json\/wp\/v2\/posts\/4243\/revisions\/4245"}],"wp:featuredmedia":[{"embeddable":true,"href":"https:\/\/radiocidadefmonline.com.br\/home\/wp-json\/wp\/v2\/media\/4244"}],"wp:attachment":[{"href":"https:\/\/radiocidadefmonline.com.br\/home\/wp-json\/wp\/v2\/media?parent=4243"}],"wp:term":[{"taxonomy":"category","embeddable":true,"href":"https:\/\/radiocidadefmonline.com.br\/home\/wp-json\/wp\/v2\/categories?post=4243"},{"taxonomy":"post_tag","embeddable":true,"href":"https:\/\/radiocidadefmonline.com.br\/home\/wp-json\/wp\/v2\/tags?post=4243"}],"curies":[{"name":"wp","href":"https:\/\/api.w.org\/{rel}","templated":true}]}}