{"id":4237,"date":"2026-04-11T22:28:02","date_gmt":"2026-04-12T01:28:02","guid":{"rendered":"https:\/\/radiocidadefmonline.com.br\/home\/luisa-sonza-cai-no-choro-apos-estreia-no-coachella-e-emociona-equipe-video\/"},"modified":"2026-04-11T23:59:11","modified_gmt":"2026-04-12T02:59:11","slug":"luisa-sonza-cai-no-choro-apos-estreia-no-coachella-e-emociona-equipe-video","status":"publish","type":"post","link":"https:\/\/radiocidadefmonline.com.br\/home\/luisa-sonza-cai-no-choro-apos-estreia-no-coachella-e-emociona-equipe-video\/","title":{"rendered":"Lu\u00edsa Sonza cai no choro ap\u00f3s estreia no Coachella e emociona equipe (V\u00cdDEO)"},"content":{"rendered":"<p><\/p>\n<div>\n<p data-start=\"226\" data-end=\"574\">A primeira vez de <strong><span class=\"hover:entity-accent entity-underline inline cursor-pointer align-baseline\"><span class=\"whitespace-normal\">Lu\u00edsa Sonza<\/span><\/span><\/strong>  n\u00e3o <strong><span class=\"hover:entity-accent entity-underline inline cursor-pointer align-baseline\"><span class=\"whitespace-normal\">Festival de M\u00fasica e Artes de Coachella Valley<\/span><\/span><\/strong>  ganhou um cap\u00edtulo ainda mais marcante longe do palco. Ap\u00f3s sua apresenta\u00e7\u00e3o, a cantora foi flagrada chorando nos bastidores, um momento \u00edntimo e poderoso que acabou sendo transmitido no canal oficial do festival.<\/p>\n<div id=\"attachment_1016833\" style=\"width: 1210px\" class=\"wp-caption aligncenter\"><img fetchpriority=\"high\" decoding=\"async\" aria-describedby=\"caption-attachment-1016833\" class=\"size-full wp-image-1016833\" src=\"https:\/\/portalpopline.com.br\/wp-content\/uploads\/2026\/04\/luisa-sonza-estreia-coachella.jpg\" alt=\"\u00c9 o Brasil! Lu\u00edsa Sonza leva funk, coreografia e Emilia Mernes para o Coachella\" width=\"1200\" height=\"902\"\/><\/p>\n<p id=\"caption-attachment-1016833\" class=\"wp-caption-text\">Cr\u00e9dito: Reprodu\u00e7\u00e3o\/Coachella<\/p>\n<\/div>\n<p><strong>LEIA MAIS:<\/strong><br \/><strong>>\u00a0\u00c9 o Brasil! Lu\u00edsa Sonza leva funk, coreografia e Emilia Mernes para o Coachella<\/strong><br \/><strong>> Dia de gl\u00f3ria para o pop BR: Anitta e Lu\u00edsa Sonza lideram o mundo simultaneamente<\/strong><br \/><strong>> 56% do \u00e1lbum de Lu\u00edsa Sonza entra no Top 200 do Spotify<\/strong><\/p>\n<p data-start=\"576\" data-end=\"891\">Visivelmente muito emocionada, <strong>Lu\u00edsa<\/strong> foi celebrada por membros de sua equipe enquanto tentava processar a dimens\u00e3o do momento, a sua primeira performance em um dos maiores festivais de m\u00fasica do mundo. O registro mostra a artista sendo acolhida enquanto as l\u00e1grimas escorrem, evidenciando o peso simb\u00f3lico da conquista.<\/p>\n<blockquote class=\"instagram-media\" style=\"background: #FFF; border: 0; border-radius: 3px; box-shadow: 0 0 1px 0 rgba(0,0,0,0.5),0 1px 10px 0 rgba(0,0,0,0.15); margin: 1px; max-width: 540px; min-width: 326px; padding: 0; width: calc(100% - 2px);\" data-instgrm-permalink=\"https:\/\/www.instagram.com\/reel\/DXAzEReCCqt\/?utm_source=ig_embed&amp;utm_campaign=loading\" data-instgrm-version=\"14\">\n<\/blockquote>\n<h3 class=\"zox-post-title left entry-title\">Lu\u00edsa Sonza leva funk, coreografia e Emilia Mernes para o Coachella<\/h3>\n<p data-start=\"1065\" data-end=\"1375\">A estreia de<strong> <span class=\"hover:entity-accent entity-underline inline cursor-pointer align-baseline\"><span class=\"whitespace-normal\">Lu\u00edsa Sonza<\/span><\/span> <\/strong>n\u00e3o <strong><span class=\"hover:entity-accent entity-underline inline cursor-pointer align-baseline\"><span class=\"whitespace-normal\">Coachela<\/span><\/span><\/strong> j\u00e1 entrou para a hist\u00f3ria! Em um show com tempo reduzido, a brasileira apostou alto: misturou funk, pop, rock e muita coreografia para provar que consegue dominar qualquer palco, inclusive um dos mais importantes do mundo.<\/p>\n<div id=\"attachment_1016846\" style=\"width: 838px\" class=\"wp-caption aligncenter\"><img decoding=\"async\" aria-describedby=\"caption-attachment-1016846\" class=\"size-full wp-image-1016846\" alt=\"\" width=\"828\" height=\"956\" src=\"https:\/\/portalpopline.com.br\/wp-content\/uploads\/2026\/04\/luisa-sonza-estreia-aclamada-coachella.jpg\"\/><img decoding=\"async\" aria-describedby=\"caption-attachment-1016846\" class=\"size-full wp-image-1016846\" src=\"https:\/\/portalpopline.com.br\/wp-content\/uploads\/2026\/04\/luisa-sonza-estreia-aclamada-coachella.jpg\" alt=\"\" width=\"828\" height=\"956\"\/><\/p>\n<p id=\"caption-attachment-1016846\" class=\"wp-caption-text\">via: @luisasonzabrs<\/p>\n<\/div>\n<p>Sem espa\u00e7o para erros, <strong>Lu\u00edsa Sonza<\/strong> montou um set direto, mas estrat\u00e9gico. A cantora passeou por diferentes fases da carreira, incluindo m\u00fasicas do \u00e1lbum mais recente \u201c<em><strong>Brutal Para\u00edso\u201d<\/strong><\/em>refor\u00e7ando sua versatilidade sonora, enquanto apostava em coreografias afiadas e est\u00e9tica visual. Al\u00e9m de contar com ajuda de bailarinos para os atos coreografados, a cantora acertou em cheio ao levar uma banda formada somente por mulheres. Para celebrar a tamb\u00e9m estreia da<strong> \u201cBrutal Para\u00edso Tour\u201d<\/strong>a brasileira contou com<strong> Em\u00edlia Mernes<\/strong> no palco nas performances de <em>\u201cDan\u00e7a da Motinha 2.0 Remix\u201d<\/em> e <em>&#8220;nesta&#8221;<\/em>.<\/p>\n<blockquote class=\"twitter-tweet\">\n<p dir=\"ltr\" lang=\"en\">MOTINHA 2.0 REMIX NO COACHELLA.<a rel=\"nofollow\" target=\"_blank\" href=\"https:\/\/twitter.com\/hashtag\/SONZACHELLA?src=hash&amp;ref_src=twsrc%5Etfw\">#SONZACHELLA<\/a> <a rel=\"nofollow\" target=\"_blank\" href=\"https:\/\/t.co\/TFEpAl91Gy\">pic.twitter.com\/TFEpAl91Gy<\/a><\/p>\n<p>\u2014 Lu\u00edsa Sonza Brasil (@luisasonzabrs) <a rel=\"nofollow\" target=\"_blank\" href=\"https:\/\/twitter.com\/luisasonzabrs\/status\/2043128220837351505?ref_src=twsrc%5Etfw\">12 de abril de 2026<\/a><\/p>\n<\/blockquote>\n<\/div>\n<p><script async src=\"\/\/platform.twitter.com\/widgets.js\" charset=\"utf-8\"><\/script><script async src=\"\/\/www.instagram.com\/embed.js\"><\/script><br \/>\n<br \/><\/a><\/p>\n","protected":false},"excerpt":{"rendered":"<p>A primeira vez de Lu\u00edsa Sonza n\u00e3o Festival de M\u00fasica e Artes de Coachella Valley ganhou um cap\u00edtulo ainda mais marcante longe do palco. Ap\u00f3s sua apresenta\u00e7\u00e3o, a cantora foi flagrada chorando nos bastidores, um momento \u00edntimo e poderoso que acabou sendo transmitido no canal oficial do festival. Cr\u00e9dito: Reprodu\u00e7\u00e3o\/Coachella LEIA MAIS:>\u00a0\u00c9 o Brasil! Lu\u00edsa [&hellip;]<\/p>\n","protected":false},"author":5,"featured_media":4238,"comment_status":"open","ping_status":"open","sticky":false,"template":"","format":"standard","meta":{"footnotes":""},"categories":[1],"tags":[],"class_list":["post-4237","post","type-post","status-publish","format-standard","has-post-thumbnail","hentry","category-noticias"],"_links":{"self":[{"href":"https:\/\/radiocidadefmonline.com.br\/home\/wp-json\/wp\/v2\/posts\/4237","targetHints":{"allow":["GET"]}}],"collection":[{"href":"https:\/\/radiocidadefmonline.com.br\/home\/wp-json\/wp\/v2\/posts"}],"about":[{"href":"https:\/\/radiocidadefmonline.com.br\/home\/wp-json\/wp\/v2\/types\/post"}],"author":[{"embeddable":true,"href":"https:\/\/radiocidadefmonline.com.br\/home\/wp-json\/wp\/v2\/users\/5"}],"replies":[{"embeddable":true,"href":"https:\/\/radiocidadefmonline.com.br\/home\/wp-json\/wp\/v2\/comments?post=4237"}],"version-history":[{"count":1,"href":"https:\/\/radiocidadefmonline.com.br\/home\/wp-json\/wp\/v2\/posts\/4237\/revisions"}],"predecessor-version":[{"id":4239,"href":"https:\/\/radiocidadefmonline.com.br\/home\/wp-json\/wp\/v2\/posts\/4237\/revisions\/4239"}],"wp:featuredmedia":[{"embeddable":true,"href":"https:\/\/radiocidadefmonline.com.br\/home\/wp-json\/wp\/v2\/media\/4238"}],"wp:attachment":[{"href":"https:\/\/radiocidadefmonline.com.br\/home\/wp-json\/wp\/v2\/media?parent=4237"}],"wp:term":[{"taxonomy":"category","embeddable":true,"href":"https:\/\/radiocidadefmonline.com.br\/home\/wp-json\/wp\/v2\/categories?post=4237"},{"taxonomy":"post_tag","embeddable":true,"href":"https:\/\/radiocidadefmonline.com.br\/home\/wp-json\/wp\/v2\/tags?post=4237"}],"curies":[{"name":"wp","href":"https:\/\/api.w.org\/{rel}","templated":true}]}}