{"id":4234,"date":"2026-04-11T07:27:38","date_gmt":"2026-04-11T10:27:38","guid":{"rendered":"https:\/\/radiocidadefmonline.com.br\/home\/apresentacao-de-anyma-no-coachella-2026-cancelada-devido-a-ventos-fortes\/"},"modified":"2026-04-11T07:51:54","modified_gmt":"2026-04-11T10:51:54","slug":"apresentacao-de-anyma-no-coachella-2026-cancelada-devido-a-ventos-fortes","status":"publish","type":"post","link":"https:\/\/radiocidadefmonline.com.br\/home\/apresentacao-de-anyma-no-coachella-2026-cancelada-devido-a-ventos-fortes\/","title":{"rendered":"Apresenta\u00e7\u00e3o de Anyma no Coachella 2026 cancelada devido a ventos fortes"},"content":{"rendered":"<p><\/p>\n<div>\n\t\t\t\t<!-- do not apply CSS styles to this element! --><\/p>\n<div class=\"pmc-paywall\">\n<p class=\"paragraph larva \/\/ lrv-u-margin-lr-auto  lrv-a-font-body-m   \">\n<p>\tA apresenta\u00e7\u00e3o da artista de dan\u00e7a Anyma no Coachella 2026 foi cancelada cerca de 15 minutos ap\u00f3s o hor\u00e1rio programado para meia-noite de sexta-feira (10 de abril) no fim de semana um do festival de dois fins de semana. At\u00e9 o momento, Anyma continua programado para jogar no pr\u00f3ximo fim de semana.<\/p>\n<p>O show estava marcado para encerrar o palco Coachella principal do festival, mas minutos depois das 12h, uma mensagem foi postada nas telas do palco informando que &#8220;devido aos fortes ventos que afetaram a constru\u00e7\u00e3o do palco de Anyma, ele n\u00e3o poder\u00e1 se apresentar esta noite. Coachella e Anyma tomaram esta decis\u00e3o junto com sua seguran\u00e7a como prioridade.&#8221;<\/p>\n<div class=\"article-related-artists \/\/ lrv-u-margin-tb-1 lrv-u-flex u-flex-direction-column@desktop-xl u-flex-direction-column@desktop-xl-max lrv-u-align-items-center lrv-u-margin-l-00@desktop-xl a-glue@desktop-xl lrv-a-glue--t-0 lrv-a-glue--l-0 u-margin-t-29px@desktop u-margin-t-250@mobile-max u-margin-lr-auto@desktop-xl-max u-max-width-400@desktop-xl-max u-width-100p@mobile-max u-max-width-80@desktop-xl\">\n<h3 id=\"title-of-a-story\" class=\"c-title  lrv-u-color-white a-font-primary-fancy-m lrv-u-text-transform-uppercase lrv-u-text-align-center a-article-related-module-title lrv-u-padding-tb-050\">\n<p>\t\t\t\t\tExplorar\t\t<\/p>\n<\/h3>\n<div class=\"a-article-related-module-wrap lrv-u-flex u-flex-direction-column@desktop-xl lrv-u-flex-grow-1 u-width-100p\">\n<div class=\"o-card lrv-u-flex u-flex-direction-column@desktop-xl u-flex-direction-column@desktop-xl-max u-align-items-center lrv-u-position-relative u-flex-basis-100p lrv-u-padding-b-075\">\n<div class=\"o-card__image-wrap lrv-u-flex lrv-u-flex-direction-column u-width-80 u-width-160@mobile-max lrv-a-glue-parent lrv-u-flex-shrink-0\">\n<div class=\"c-lazy-image  lrv-u-height-100p\">\n<div class=\"a-crop-1x1 lrv-u-height-100p\" style=\"\"><\/div>\n<\/p><\/div>\n<p><span class=\"o-indicator lrv-a-glue a-glue--b-n050 lrv-a-glue--r-0 a-glue--t-auto a-glue--l-0 lrv-u-margin-lr-auto u-pointer-events-none lrv-u-background-color-brand-primary lrv-u-border-radius-50p u-width-20 u-height-20 a-icon-related-artist lrv-a-icon-after\"><\/p>\n<p>\t<\/span><\/p><\/div>\n<\/div><\/div>\n<p class=\"c-tagline  a-font-secondary-fancy-xxxs@desktop-xl a-font-secondary-fancy-s@desktop-xl-max lrv-u-text-transform-uppercase lrv-u-color-black u-padding-t-13 lrv-u-padding-b-2 lrv-u-margin-tb-00 lrv-u-text-align-center lrv-u-border-t-1 lrv-u-border-color-black lrv-u-width-100p\">Veja os v\u00eddeos, gr\u00e1ficos e not\u00edcias mais recentes<\/p>\n<\/p><\/div>\n<p class=\"paragraph larva \/\/ lrv-u-margin-lr-auto  lrv-a-font-body-m   \">\n<p>\t\u201cSinto muito a todos\u201d, escreveu mais tarde o artista em um coment\u00e1rio em uma postagem do Instagram com a not\u00edcia <a rel=\"nofollow\" target=\"_blank\" href=\"https:\/\/www.instagram.com\/p\/DW-4_AXFYxP\/?hl=en\" data-type=\"link\" data-id=\"https:\/\/www.instagram.com\/p\/DW-4_AXFYxP\/?hl=en\" rel=\"nofollow\" target=\"_blank\">compartilhado por Coachella<\/a>. &#8220;Fizemos tudo que estava sob nosso controle para construir o show no qual trabalhei durante um ano inteiro. A seguran\u00e7a sempre vem em primeiro lugar e estamos trabalhando em uma solu\u00e7\u00e3o agora.&#8221;<\/p>\n<p>O palco principal apareceu montado com pelo menos alguns equipamentos musicais e diversos adere\u00e7os para o show que acabou n\u00e3o acontecendo. Embora n\u00e3o esteja claro qual aspecto do set de Anyma teria sido impactado pelos ventos, as condi\u00e7\u00f5es pareceram impactar apenas o cen\u00e1rio Coachella de Anyma de forma t\u00e3o adversa, j\u00e1 que as apresenta\u00e7\u00f5es simult\u00e2neas programadas no local continuaram durante este per\u00edodo. Multid\u00f5es reunidas para Anyma podiam ser vistas desviando para Gordo na Yuma Tent, focada na dan\u00e7a do festival, Sexyy Red na Sahara Tent e Blood Orange no Mojave, enquanto outros se dirigiam para a sa\u00edda do festival. <\/p>\n<p>A apresenta\u00e7\u00e3o era para ser a estreia global de <em>O \u00c9DEN<\/em>a nova produ\u00e7\u00e3o da Anyma. Este show teria seguido sua resid\u00eancia no final de 2024\/in\u00edcio de 2025 no Sphere Las Vegas, onde o artista \u00edtalo-americano estreou seu aclamado show audiovisual, <em>O fim da G\u00eanesis<\/em>.<\/p>\n<p>Se os singles e videoclipes recentes de Anyma servirem de indica\u00e7\u00e3o, a est\u00e9tica de sua nova era s\u00e3o ru\u00ednas antigas e anjos ciborgues, com ambos os motivos vistos nos v\u00eddeos recentes da colabora\u00e7\u00e3o de Joji \u201cBeautiful\u201d e da colabora\u00e7\u00e3o de LISA Bad Angel.<\/p>\n<p><a rel=\"nofollow\" target=\"_blank\" href=\"https:\/\/ubpass.co\/billboard\" target=\"_blank\" rel=\"noopener noreferrer nofollow\"> <br \/><img decoding=\"async\" style=\"max-width: 100%;height: auto\" src=\"https:\/\/i.imgur.com\/2HpFicp.png\" alt=\"Passe VIP para outdoor\"\/><br \/><\/a><\/p>\n<\/div><\/div>\n<div>\n<p>\t\t<svg xmlns=\"http:\/\/www.w3.org\/2000\/svg\" style=\"height:100%;width:100%\" viewbox=\"0 0 455.133 94.711\"><path d=\"M70.107 28.859h21.318V93.69H70.107zM95.834 3.51h21.312v90.18H95.834zm25.723 0h21.312v90.18h-21.312zm250.711 32.035v-6.686h-21.315V93.69h21.315V62.792c0-7.949 4.154-12.237 11.728-12.237h2.522V28.229c-6.432.253-11.1 2.271-14.25 7.316M80.764 0c-6.822 0-12.359 5.535-12.359 12.361s5.537 12.363 12.359 12.363c6.828 0 12.361-5.537 12.361-12.363S87.592 0 80.764 0m244.457 33.795c-2.996-3.268-9.967-5.965-15.26-5.965-16.098 0-27.646 10.613-30.473 26.389-3.082-15.135-16.273-26.78-32.359-26.78-16.24 0-29.537 11.781-32.444 27.2-2.822-16.026-15.428-26.648-31.061-26.648-5.801 0-10.596 1.262-14.76 4.16V3.521h-21.312V93.7h20.938v-5.93c5.045 4.668 10.467 6.812 17.154 6.812 14.398 0 26.52-11.271 29.113-26.807 3.055 15.203 16.169 26.76 32.373 26.76 16.065 0 28.949-11.312 32.228-26.125 2.711 16.18 15.531 26.301 30.854 26.301 5.293 0 11.099-1.771 15.009-4.668V93.7h21.312V65.327q.002-1.745-.031-3.406.033-1.66.031-3.405V28.969h-21.312zM181.355 73.948c-6.826 0-12.359-5.535-12.359-12.363 0-6.824 5.533-12.358 12.359-12.358 6.824 0 12.359 5.534 12.359 12.358.001 6.828-5.534 12.363-12.359 12.363m65.774-.99c-6.822 0-12.361-5.539-12.361-12.363s5.539-12.358 12.361-12.358c6.824 0 12.359 5.535 12.359 12.358.001 6.823-5.532 12.363-12.359 12.363m64.047.392c-6.826 0-12.354-5.539-12.354-12.363s5.527-12.358 12.354-12.358c6.832 0 12.359 5.535 12.359 12.358.001 6.824-5.527 12.363-12.359 12.363M433.815 3.5v28.631c-4.156-2.9-8.949-4.16-14.757-4.16-17.782 0-31.654 13.746-31.654 33.55 0 18.664 13.368 33.043 29.642 33.043 6.68 0 12.103-2.146 17.152-6.811v5.928h20.938V3.5zm-12.553 70.288c-6.817 0-12.354-5.539-12.354-12.358 0-6.828 5.535-12.365 12.354-12.365 6.828 0 12.363 5.537 12.363 12.365 0 6.819-5.535 12.358-12.363 12.358M36.072 27.99c-5.803 0-10.594 1.262-14.76 4.16V3.521H0V93.7h20.936v-5.93c5.045 4.668 10.469 6.812 17.156 6.812 16.268 0 29.637-14.383 29.637-33.047 0-19.797-13.874-33.545-31.657-33.545m-2.269 45.958c-6.824 0-12.359-5.535-12.359-12.363 0-6.824 5.535-12.358 12.359-12.358 6.826 0 12.359 5.534 12.359 12.358 0 6.828-5.533 12.363-12.359 12.363\"\/><\/svg>\t\t<span class=\"lrv-a-screen-reader-only\"\/><\/p>\n<p class=\"c-tagline  a-font-accent-l@desktop u-font-size-1205 a-font-accent-xs@mobile-max u-font-size-15@mobile-max u-line-height-22px@mobile-max lrv-u-text-align-center@mobile-max u-letter-spacing-0030@mobile-max lrv-u-padding-t-025 lrv-u-margin-a-00 u-padding-t-0125@mobile-max u-padding-b-0063@mobile-max\">Receba resumos semanais diretamente na sua caixa de entrada<\/p>\n<p><a rel=\"nofollow\" target=\"_blank\" class=\"c-link  lrv-a-unstyle-button lrv-u-cursor-pointer lrv-u-display-inline-flex lrv-u-background-color-brand-primary lrv-u-background-color-black:hover lrv-u-color-black lrv-u-color-brand-primary:hover u-padding-lr-0.875 u-padding-tb-10 lrv-u-flex-shrink-0 u-align-items-center a-font-basic-fancy-xs u-margin-t-0.188 u-margin-b-0188 u-margin-b-040@mobile-max\" href=\"https:\/\/cloud.email.billboard.com\/signup\/\" rel=\"noopener noreferrer\"><\/p>\n<p>\tInscrever-se<\/a>\n<\/div>\n<p><script async src=\"\/\/www.instagram.com\/embed.js\"><\/script><br \/>\n<br \/><\/a><\/p>\n","protected":false},"excerpt":{"rendered":"<p>A apresenta\u00e7\u00e3o da artista de dan\u00e7a Anyma no Coachella 2026 foi cancelada cerca de 15 minutos ap\u00f3s o hor\u00e1rio programado para meia-noite de sexta-feira (10 de abril) no fim de semana um do festival de dois fins de semana. At\u00e9 o momento, Anyma continua programado para jogar no pr\u00f3ximo fim de semana. O show estava [&hellip;]<\/p>\n","protected":false},"author":5,"featured_media":4235,"comment_status":"open","ping_status":"open","sticky":false,"template":"","format":"standard","meta":{"footnotes":""},"categories":[5],"tags":[],"class_list":["post-4234","post","type-post","status-publish","format-standard","has-post-thumbnail","hentry","category-billboard-news"],"_links":{"self":[{"href":"https:\/\/radiocidadefmonline.com.br\/home\/wp-json\/wp\/v2\/posts\/4234","targetHints":{"allow":["GET"]}}],"collection":[{"href":"https:\/\/radiocidadefmonline.com.br\/home\/wp-json\/wp\/v2\/posts"}],"about":[{"href":"https:\/\/radiocidadefmonline.com.br\/home\/wp-json\/wp\/v2\/types\/post"}],"author":[{"embeddable":true,"href":"https:\/\/radiocidadefmonline.com.br\/home\/wp-json\/wp\/v2\/users\/5"}],"replies":[{"embeddable":true,"href":"https:\/\/radiocidadefmonline.com.br\/home\/wp-json\/wp\/v2\/comments?post=4234"}],"version-history":[{"count":1,"href":"https:\/\/radiocidadefmonline.com.br\/home\/wp-json\/wp\/v2\/posts\/4234\/revisions"}],"predecessor-version":[{"id":4236,"href":"https:\/\/radiocidadefmonline.com.br\/home\/wp-json\/wp\/v2\/posts\/4234\/revisions\/4236"}],"wp:featuredmedia":[{"embeddable":true,"href":"https:\/\/radiocidadefmonline.com.br\/home\/wp-json\/wp\/v2\/media\/4235"}],"wp:attachment":[{"href":"https:\/\/radiocidadefmonline.com.br\/home\/wp-json\/wp\/v2\/media?parent=4234"}],"wp:term":[{"taxonomy":"category","embeddable":true,"href":"https:\/\/radiocidadefmonline.com.br\/home\/wp-json\/wp\/v2\/categories?post=4234"},{"taxonomy":"post_tag","embeddable":true,"href":"https:\/\/radiocidadefmonline.com.br\/home\/wp-json\/wp\/v2\/tags?post=4234"}],"curies":[{"name":"wp","href":"https:\/\/api.w.org\/{rel}","templated":true}]}}