{"id":4231,"date":"2026-04-10T18:56:26","date_gmt":"2026-04-10T21:56:26","guid":{"rendered":"https:\/\/radiocidadefmonline.com.br\/home\/ice-cube-e-kevin-hart-retornam-para-ride-along-3\/"},"modified":"2026-04-11T00:30:18","modified_gmt":"2026-04-11T03:30:18","slug":"ice-cube-e-kevin-hart-retornam-para-ride-along-3","status":"publish","type":"post","link":"https:\/\/radiocidadefmonline.com.br\/home\/ice-cube-e-kevin-hart-retornam-para-ride-along-3\/","title":{"rendered":"Ice Cube e Kevin Hart retornam para \u201cRide Along 3\u201d"},"content":{"rendered":"<p><\/p>\n<div>\n<p>Ice Cube e Kevin Hart podem estar se preparando para outra viagem. <a rel=\"nofollow\" target=\"_blank\" href=\"https:\/\/deadline.com\/2026\/04\/ride-along-3-movie-details-1236786735\/\">Fontes<\/a> dizer <em>Passeio junto 3<\/em> est\u00e1 em desenvolvimento inicial na Universal Pictures, com ambas as estrelas em negocia\u00e7\u00f5es para retornar ao lado do diretor Tim Story e do produtor Will Packer.<\/p>\n<figure class=\"wp-block-embed is-type-rich is-provider-twitter wp-block-embed-twitter\"\/>\n<p>A t\u00e3o discutida sequ\u00eancia parece ter encontrado uma nova vida ap\u00f3s anos de estagna\u00e7\u00e3o. O roteirista Daniel Gold foi escolhido para escrever o roteiro, apresentando uma proposta que supostamente alinhou a equipe principal. Embora os detalhes permane\u00e7am em segredo, a descoberta sinaliza uma mudan\u00e7a ap\u00f3s o que os especialistas descrevem como diferen\u00e7as criativas que atrasaram o projeto.<\/p>\n<p>&#8220;Eu ia ler voc\u00ea como sujeira. Mas n\u00e3o adianta.&#8221; <\/p>\n<aside class=\"wp-block-group wp-block-mediaco-read-next is-layout-flow wp-block-group-is-layout-flow\">\n<\/aside>\n<p>Embora originalmente de um momento viral diferente, o sentimento reflete o tom caracter\u00edstico da franquia \u2013 afiado, c\u00f4mico e enraizado na tens\u00e3o l\u00fadica. Essa mesma energia definiu a qu\u00edmica entre Ben Barber, de Hart, e James Payton, de Ice Cube, uma dupla que impulsionou o sucesso da franquia.<\/p>\n<p>O original <em>Passeio junto<\/em> estreou em 2014 e marcou uma grande estreia no fim de semana de Martin Luther King Jr. Ganhou quase US$ 155 milh\u00f5es em todo o mundo. <\/p>\n<h2 class=\"wp-block-heading\" id=\"h-kevin-hart-amp-ice-cube-reunite-for-ride-along-3\">Kevin Hart e Ice Cube se re\u00fanem para \u201cRide Along 3\u201d<\/h2>\n<aside class=\"wp-block-group wp-block-mediaco-read-next is-layout-flow wp-block-group-is-layout-flow\">\n<\/aside>\n<p>Sua sequ\u00eancia de 2016 arrecadou mais de US$ 124 milh\u00f5es globalmente. Juntos, os filmes arrecadaram cerca de US$ 279 milh\u00f5es, consolidando seu lugar na cultura moderna da com\u00e9dia de a\u00e7\u00e3o.<\/p>\n<p>Em sua ess\u00eancia, a s\u00e9rie prospera no contraste. O Ben, de fala r\u00e1pida e ansioso por provar, colide com a personalidade de detetive sensata de Ice Cube. <\/p>\n<p>Sua din\u00e2mica alimenta miss\u00f5es de alto risco repletas de humor. O primeiro filme acompanhou uma patrulha 24 horas em Atlanta. A sequ\u00eancia se expandiu para Miami, aumentando a escala e a tens\u00e3o.<\/p>\n<aside class=\"wp-block-group wp-block-mediaco-read-next is-layout-flow wp-block-group-is-layout-flow\">\n<\/aside>\n<figure class=\"wp-block-embed is-type-video is-provider-youtube wp-block-embed-youtube wp-embed-aspect-4-3 wp-has-aspect-ratio\">\n<p>\n<iframe title=\"4.10.26 It\u2019s Fryday! Diddy Might Be Home Sooner?! New Music Friday, Hot Topics + Play Hip Hop Jeo...\" width=\"800\" height=\"600\" src=\"https:\/\/www.youtube.com\/embed\/K6JGZBqzqWo?feature=oembed\" frameborder=\"0\" allow=\"accelerometer; autoplay; clipboard-write; encrypted-media; gyroscope; picture-in-picture; web-share\" referrerpolicy=\"strict-origin-when-cross-origin\" allowfullscreen><\/iframe>\n<\/p>\n<\/figure>\n<p>Entretanto, a din\u00e2mica da ind\u00fastria favorece um retorno. As com\u00e9dias de franquia est\u00e3o encontrando for\u00e7a renovada, especialmente aquelas enraizadas na nostalgia. <em>Passeio junto 3<\/em> poderia atender a essa demanda e ao mesmo tempo reintroduzir uma dupla querida para uma nova gera\u00e7\u00e3o.<\/p>\n<p>A Universal ainda n\u00e3o confirmou o projeto. Ainda assim, com as estrelas originais circulando, a viagem pode n\u00e3o ter terminado.<\/p>\n<aside class=\"wp-block-group wp-block-mediaco-read-next is-layout-flow wp-block-group-is-layout-flow\">\n<\/aside>\n<\/div>\n<p><\/a><\/p>\n","protected":false},"excerpt":{"rendered":"<p>Ice Cube e Kevin Hart podem estar se preparando para outra viagem. Fontes dizer Passeio junto 3 est\u00e1 em desenvolvimento inicial na Universal Pictures, com ambas as estrelas em negocia\u00e7\u00f5es para retornar ao lado do diretor Tim Story e do produtor Will Packer. A t\u00e3o discutida sequ\u00eancia parece ter encontrado uma nova vida ap\u00f3s anos [&hellip;]<\/p>\n","protected":false},"author":7,"featured_media":4232,"comment_status":"open","ping_status":"open","sticky":false,"template":"","format":"standard","meta":{"footnotes":""},"categories":[6],"tags":[],"class_list":["post-4231","post","type-post","status-publish","format-standard","has-post-thumbnail","hentry","category-noticias-da-hot97-fm"],"_links":{"self":[{"href":"https:\/\/radiocidadefmonline.com.br\/home\/wp-json\/wp\/v2\/posts\/4231","targetHints":{"allow":["GET"]}}],"collection":[{"href":"https:\/\/radiocidadefmonline.com.br\/home\/wp-json\/wp\/v2\/posts"}],"about":[{"href":"https:\/\/radiocidadefmonline.com.br\/home\/wp-json\/wp\/v2\/types\/post"}],"author":[{"embeddable":true,"href":"https:\/\/radiocidadefmonline.com.br\/home\/wp-json\/wp\/v2\/users\/7"}],"replies":[{"embeddable":true,"href":"https:\/\/radiocidadefmonline.com.br\/home\/wp-json\/wp\/v2\/comments?post=4231"}],"version-history":[{"count":1,"href":"https:\/\/radiocidadefmonline.com.br\/home\/wp-json\/wp\/v2\/posts\/4231\/revisions"}],"predecessor-version":[{"id":4233,"href":"https:\/\/radiocidadefmonline.com.br\/home\/wp-json\/wp\/v2\/posts\/4231\/revisions\/4233"}],"wp:featuredmedia":[{"embeddable":true,"href":"https:\/\/radiocidadefmonline.com.br\/home\/wp-json\/wp\/v2\/media\/4232"}],"wp:attachment":[{"href":"https:\/\/radiocidadefmonline.com.br\/home\/wp-json\/wp\/v2\/media?parent=4231"}],"wp:term":[{"taxonomy":"category","embeddable":true,"href":"https:\/\/radiocidadefmonline.com.br\/home\/wp-json\/wp\/v2\/categories?post=4231"},{"taxonomy":"post_tag","embeddable":true,"href":"https:\/\/radiocidadefmonline.com.br\/home\/wp-json\/wp\/v2\/tags?post=4231"}],"curies":[{"name":"wp","href":"https:\/\/api.w.org\/{rel}","templated":true}]}}