{"id":4228,"date":"2026-04-08T23:52:24","date_gmt":"2026-04-09T02:52:24","guid":{"rendered":"https:\/\/radiocidadefmonline.com.br\/home\/ariana-grande-pode-lancar-o-novo-album-durante-a-the-eternal-sunshine-tour\/"},"modified":"2026-04-08T23:57:12","modified_gmt":"2026-04-09T02:57:12","slug":"ariana-grande-pode-lancar-o-novo-album-durante-a-the-eternal-sunshine-tour","status":"publish","type":"post","link":"https:\/\/radiocidadefmonline.com.br\/home\/ariana-grande-pode-lancar-o-novo-album-durante-a-the-eternal-sunshine-tour\/","title":{"rendered":"Ariana Grande pode lan\u00e7ar o novo \u00e1lbum durante a &#8220;the eternal sunshine tour&#8221;"},"content":{"rendered":"<p><\/p>\n<div>\n<p>Ap\u00f3s rumores de feat com <strong>O fim de semana<\/strong> e <strong>Anitta<\/strong>o que se tem falado aos montes a respeito de <strong>Ariana Grande<\/strong> \u00e9 sobre o novo \u00e1lbum de est\u00fadio dela, o aguardado <em>&#8220;AG8&#8221;<\/em>. Nesta <strong>quarta-feira (8)<\/strong>mesmo dia em que ati\u00e7ou os f\u00e3s ao postar novas fotos em est\u00fadio, veio \u00e0 tona que a estrela pop pode lan\u00e7ar seu oitavo disco de in\u00e9ditas antes do que os f\u00e3s imaginam, ainda durante a <em>\u201co passeio eterno pelo sol\u201d<\/em>.<\/p>\n<h4>LEIA MAIS:<\/h4>\n<div id=\"attachment_1016332\" style=\"width: 1210px\" class=\"wp-caption aligncenter\">\n<p id=\"caption-attachment-1016332\" class=\"wp-caption-text\">(Foto: Instagram @arianagrande)<\/p>\n<\/div>\n<p>\u00d3 <strong>TMZ<\/strong> publicou que <strong>Ariana<\/strong> j\u00e1 finalizou seu novo \u00e1lbum, que sucede os trabalhos do <em>\u201csol eterno\u201d<\/em> (2024), e que os planos s\u00e3o de disponibiliz\u00e1-lo nas plataformas <strong>durante o ver\u00e3o no hemisf\u00e9rio Norte<\/strong>. L\u00e1, a esta\u00e7\u00e3o vai de junho a setembro.<\/p>\n<p>Ou seja, o p\u00fablico pode receber o novo compilado da estrela pop enquanto ela ainda estiver em turn\u00ea com o repert\u00f3rio do <em>\u201csol eterno\u201d<\/em>. <strong>Ariana<\/strong> esperou ficar livre de suas obriga\u00e7\u00f5es como <strong>Glinda<\/strong> na adapta\u00e7\u00e3o cinematogr\u00e1fica de <em>&#8220;Malvado&#8221;<\/em> para cair na estrada com as m\u00fasicas do elogiado disco.<\/p>\n<p>Os shows acontecem entre 6 de junho, a come\u00e7ar por Oakland, Calif\u00f3rnia, nos Estados Unidos e seguem at\u00e9 1\u00ba de setembro, com uma quase resid\u00eancia da cantora na The O2 Arena, em Londres.<\/p>\n<h3 class=\"zox-post-title left entry-title\">\u201cEu percebo o que fiz\u201d: Ariana Grande comenta ter 8 glosses na bolsa e f\u00e3s ligam ao \u201cAG8\u201d<\/h3>\n<div id=\"attachment_1007278\" style=\"width: 1210px\" class=\"wp-caption alignnone\"><img fetchpriority=\"high\" decoding=\"async\" aria-describedby=\"caption-attachment-1007278\" class=\"wp-image-1007278 size-full\" src=\"https:\/\/portalpopline.com.br\/wp-content\/uploads\/2026\/01\/ariana-grande-globo.jpg\" alt=\"\u00c1lbum novo? Ariana Grande entra em est\u00fadio e f\u00e3s ficam curiosos\" width=\"1200\" height=\"902\"\/><\/p>\n<p id=\"caption-attachment-1007278\" class=\"wp-caption-text\">(Foto: Instagram @arianagrande)<\/p>\n<\/div>\n<p data-start=\"713\" data-end=\"901\">As teorias ganharam ainda mais for\u00e7a ap\u00f3s <strong>Ariana<\/strong> comentar, recentemente, que estava com <strong data-start=\"801\" data-end=\"817\">oito glosses<\/strong> dentro da bolsa. Ao perceber a repercuss\u00e3o, a cantora reagiu de forma bem-humorada.<\/p>\n<blockquote>\n<p data-start=\"903\" data-end=\"1046\"><em><strong>\u201cEu percebo o que fiz ao usar esse n\u00famero, mas essa \u00e9 genuinamente a contagem\u201d<\/strong><\/em>escreveu ela, alimentando ainda mais as interpreta\u00e7\u00f5es dos f\u00e3s.<\/p>\n<\/blockquote>\n<blockquote class=\"twitter-tweet\">\n<p dir=\"ltr\" lang=\"pt\">AG8! Ariana Grande ap\u00f3s comentar que estava com 8 glosses em sua bolsa hoje:<\/p>\n<p>\u201cEu percebo o que fiz ao usar esse n\u00famero, mas essa \u00e9 genuinamente a contagem.\u201d <a rel=\"nofollow\" target=\"_blank\" href=\"https:\/\/t.co\/nafIjZUMaT\">pic.twitter.com\/nafIjZUMaT<\/a><\/p>\n<p>\u2014 Ariana Grande Brasil (@arianagrandebr) <a rel=\"nofollow\" target=\"_blank\" href=\"https:\/\/twitter.com\/arianagrandebr\/status\/2030345261436817505?ref_src=twsrc%5Etfw\">7 de mar\u00e7o de 2026<\/a><\/p>\n<\/blockquote>\n<p>O futuro disco suceder\u00e1 \u201c<strong data-start=\"1393\" data-end=\"1434\"><span class=\"hover:entity-accent entity-underline inline cursor-pointer align-baseline\"><span class=\"whitespace-normal\">Brilho Eterno\u201d<\/span><\/span><\/strong>lan\u00e7ado em 2024, per\u00edodo em que<strong> Ariana<\/strong> tamb\u00e9m conciliava a divulga\u00e7\u00e3o do projeto musical com as filmagens da adapta\u00e7\u00e3o cinematogr\u00e1fica de <strong data-start=\"1574\" data-end=\"1615\"><span class=\"hover:entity-accent entity-underline inline cursor-pointer align-baseline\"><span class=\"whitespace-normal\">Malvado<\/span><\/span><\/strong>.<\/p>\n<\/div>\n<p><script async src=\"\/\/platform.twitter.com\/widgets.js\" charset=\"utf-8\"><\/script><br \/>\n<br \/><\/a><\/p>\n","protected":false},"excerpt":{"rendered":"<p>Ap\u00f3s rumores de feat com O fim de semana e Anittao que se tem falado aos montes a respeito de Ariana Grande \u00e9 sobre o novo \u00e1lbum de est\u00fadio dela, o aguardado &#8220;AG8&#8221;. Nesta quarta-feira (8)mesmo dia em que ati\u00e7ou os f\u00e3s ao postar novas fotos em est\u00fadio, veio \u00e0 tona que a estrela pop [&hellip;]<\/p>\n","protected":false},"author":5,"featured_media":4229,"comment_status":"open","ping_status":"open","sticky":false,"template":"","format":"standard","meta":{"footnotes":""},"categories":[1],"tags":[],"class_list":["post-4228","post","type-post","status-publish","format-standard","has-post-thumbnail","hentry","category-noticias"],"_links":{"self":[{"href":"https:\/\/radiocidadefmonline.com.br\/home\/wp-json\/wp\/v2\/posts\/4228","targetHints":{"allow":["GET"]}}],"collection":[{"href":"https:\/\/radiocidadefmonline.com.br\/home\/wp-json\/wp\/v2\/posts"}],"about":[{"href":"https:\/\/radiocidadefmonline.com.br\/home\/wp-json\/wp\/v2\/types\/post"}],"author":[{"embeddable":true,"href":"https:\/\/radiocidadefmonline.com.br\/home\/wp-json\/wp\/v2\/users\/5"}],"replies":[{"embeddable":true,"href":"https:\/\/radiocidadefmonline.com.br\/home\/wp-json\/wp\/v2\/comments?post=4228"}],"version-history":[{"count":1,"href":"https:\/\/radiocidadefmonline.com.br\/home\/wp-json\/wp\/v2\/posts\/4228\/revisions"}],"predecessor-version":[{"id":4230,"href":"https:\/\/radiocidadefmonline.com.br\/home\/wp-json\/wp\/v2\/posts\/4228\/revisions\/4230"}],"wp:featuredmedia":[{"embeddable":true,"href":"https:\/\/radiocidadefmonline.com.br\/home\/wp-json\/wp\/v2\/media\/4229"}],"wp:attachment":[{"href":"https:\/\/radiocidadefmonline.com.br\/home\/wp-json\/wp\/v2\/media?parent=4228"}],"wp:term":[{"taxonomy":"category","embeddable":true,"href":"https:\/\/radiocidadefmonline.com.br\/home\/wp-json\/wp\/v2\/categories?post=4228"},{"taxonomy":"post_tag","embeddable":true,"href":"https:\/\/radiocidadefmonline.com.br\/home\/wp-json\/wp\/v2\/tags?post=4228"}],"curies":[{"name":"wp","href":"https:\/\/api.w.org\/{rel}","templated":true}]}}